{"id":12354,"date":"2024-11-13T10:55:36","date_gmt":"2024-11-13T09:55:36","guid":{"rendered":"https:\/\/www.euronaval.fr\/euronaval-2024-une-edition-dexception\/"},"modified":"2024-11-13T11:06:29","modified_gmt":"2024-11-13T10:06:29","slug":"euronaval-2024-une-edition-dexception","status":"publish","type":"post","link":"https:\/\/www.euronaval.com\/fr\/euronaval-2024-une-edition-dexception\/","title":{"rendered":"EURONAVAL 2024: une \u00e9dition d&rsquo;exception"},"content":{"rendered":"\n<h1 class=\"wp-block-heading\"><\/h1>\n","protected":false},"excerpt":{"rendered":"<p>La 29e \u00e9dition du salon EURONAVAL 2024 s\u2019ach\u00e8ve ce soir, concluant quatre jours d\u2019un \u00e9v\u00e9nement international d\u2019ampleur, marqu\u00e9 par des visites politiques et institutionnelles r\u00e9guli\u00e8res, des annonces et signatures de contrats exclusifs, ainsi qu\u2019un programme riche, tourn\u00e9 vers l\u2019avenir des marines et des innovations navales.<\/p>\n","protected":false},"author":4,"featured_media":0,"comment_status":"closed","ping_status":"closed","sticky":false,"template":"","format":"standard","meta":{"_acf_changed":false,"footnotes":"","_links_to":"","_links_to_target":""},"categories":[28],"tags":[],"class_list":["post-12354","post","type-post","status-publish","format-standard","hentry","category-communique-de-presse"],"acf":{"bouton":"EN SAVOIR PLUS","url":"https:\/\/0n4wr.mjt.lu\/nl3\/GFKc-RyvI9O9fGvGsyuWzQ?hl=fr"},"yoast_head":"<!-- This site is optimized with the Yoast SEO plugin v27.4 - https:\/\/yoast.com\/product\/yoast-seo-wordpress\/ -->\n<title>EURONAVAL 2024: une \u00e9dition d&#039;exception - Euronaval<\/title>\n<meta name=\"description\" content=\"La 29e \u00e9dition du salon EURONAVAL 2024 s\u2019ach\u00e8ve ce soir, concluant quatre jours d\u2019un \u00e9v\u00e9nement international d\u2019ampleur, marqu\u00e9 par des visites politiques et institutionnelles r\u00e9guli\u00e8res, des annonces et signatures de contrats exclusifs, ainsi qu\u2019un programme riche, tourn\u00e9 vers l\u2019avenir des marines et des innovations navales.\" \/>\n<meta name=\"robots\" content=\"index, follow, max-snippet:-1, max-image-preview:large, max-video-preview:-1\" \/>\n<link rel=\"canonical\" href=\"https:\/\/www.euronaval.com\/fr\/euronaval-2024-une-edition-dexception\/\" \/>\n<meta property=\"og:locale\" content=\"fr_FR\" \/>\n<meta property=\"og:type\" content=\"article\" \/>\n<meta property=\"og:title\" content=\"EURONAVAL 2024: une \u00e9dition d&#039;exception - Euronaval\" \/>\n<meta property=\"og:description\" content=\"La 29e \u00e9dition du salon EURONAVAL 2024 s\u2019ach\u00e8ve ce soir, concluant quatre jours d\u2019un \u00e9v\u00e9nement international d\u2019ampleur, marqu\u00e9 par des visites politiques et institutionnelles r\u00e9guli\u00e8res, des annonces et signatures de contrats exclusifs, ainsi qu\u2019un programme riche, tourn\u00e9 vers l\u2019avenir des marines et des innovations navales.\" \/>\n<meta property=\"og:url\" content=\"https:\/\/www.euronaval.com\/fr\/euronaval-2024-une-edition-dexception\/\" \/>\n<meta property=\"og:site_name\" content=\"Euronaval\" \/>\n<meta property=\"article:publisher\" content=\"https:\/\/www.facebook.com\/people\/Euronaval\/100063477820109\/\" \/>\n<meta property=\"article:published_time\" content=\"2024-11-13T09:55:36+00:00\" \/>\n<meta property=\"article:modified_time\" content=\"2024-11-13T10:06:29+00:00\" \/>\n<meta name=\"author\" content=\"Laur\u00e8ne FAYET MICQUIAUX\" \/>\n<meta name=\"twitter:card\" content=\"summary_large_image\" \/>\n<meta name=\"twitter:creator\" content=\"@SalonEuronaval\" \/>\n<meta name=\"twitter:site\" content=\"@SalonEuronaval\" \/>\n<meta name=\"twitter:label1\" content=\"\u00c9crit par\" \/>\n\t<meta name=\"twitter:data1\" content=\"Laur\u00e8ne FAYET MICQUIAUX\" \/>\n<script type=\"application\/ld+json\" class=\"yoast-schema-graph\">{\"@context\":\"https:\\\/\\\/schema.org\",\"@graph\":[{\"@type\":\"Article\",\"@id\":\"https:\\\/\\\/www.euronaval.com\\\/fr\\\/euronaval-2024-une-edition-dexception\\\/#article\",\"isPartOf\":{\"@id\":\"https:\\\/\\\/www.euronaval.com\\\/fr\\\/euronaval-2024-une-edition-dexception\\\/\"},\"author\":{\"name\":\"Laur\u00e8ne FAYET MICQUIAUX\",\"@id\":\"https:\\\/\\\/www.euronaval.com\\\/fr\\\/#\\\/schema\\\/person\\\/dbd4889412821fab5405f9250ee42061\"},\"headline\":\"EURONAVAL 2024: une \u00e9dition d&rsquo;exception\",\"datePublished\":\"2024-11-13T09:55:36+00:00\",\"dateModified\":\"2024-11-13T10:06:29+00:00\",\"mainEntityOfPage\":{\"@id\":\"https:\\\/\\\/www.euronaval.com\\\/fr\\\/euronaval-2024-une-edition-dexception\\\/\"},\"wordCount\":5,\"publisher\":{\"@id\":\"https:\\\/\\\/www.euronaval.com\\\/fr\\\/#organization\"},\"articleSection\":[\"Communiqu\u00e9 de presse\"],\"inLanguage\":\"fr-FR\"},{\"@type\":\"WebPage\",\"@id\":\"https:\\\/\\\/www.euronaval.com\\\/fr\\\/euronaval-2024-une-edition-dexception\\\/\",\"url\":\"https:\\\/\\\/www.euronaval.com\\\/fr\\\/euronaval-2024-une-edition-dexception\\\/\",\"name\":\"EURONAVAL 2024: une \u00e9dition d'exception - Euronaval\",\"isPartOf\":{\"@id\":\"https:\\\/\\\/www.euronaval.com\\\/fr\\\/#website\"},\"datePublished\":\"2024-11-13T09:55:36+00:00\",\"dateModified\":\"2024-11-13T10:06:29+00:00\",\"description\":\"La 29e \u00e9dition du salon EURONAVAL 2024 s\u2019ach\u00e8ve ce soir, concluant quatre jours d\u2019un \u00e9v\u00e9nement international d\u2019ampleur, marqu\u00e9 par des visites politiques et institutionnelles r\u00e9guli\u00e8res, des annonces et signatures de contrats exclusifs, ainsi qu\u2019un programme riche, tourn\u00e9 vers l\u2019avenir des marines et des innovations navales.\",\"breadcrumb\":{\"@id\":\"https:\\\/\\\/www.euronaval.com\\\/fr\\\/euronaval-2024-une-edition-dexception\\\/#breadcrumb\"},\"inLanguage\":\"fr-FR\",\"potentialAction\":[{\"@type\":\"ReadAction\",\"target\":[\"https:\\\/\\\/www.euronaval.com\\\/fr\\\/euronaval-2024-une-edition-dexception\\\/\"]}]},{\"@type\":\"BreadcrumbList\",\"@id\":\"https:\\\/\\\/www.euronaval.com\\\/fr\\\/euronaval-2024-une-edition-dexception\\\/#breadcrumb\",\"itemListElement\":[{\"@type\":\"ListItem\",\"position\":1,\"name\":\"Accueil\",\"item\":\"https:\\\/\\\/www.euronaval.com\\\/fr\\\/\"},{\"@type\":\"ListItem\",\"position\":2,\"name\":\"EURONAVAL 2024: une \u00e9dition d&#8217;exception\"}]},{\"@type\":\"WebSite\",\"@id\":\"https:\\\/\\\/www.euronaval.com\\\/fr\\\/#website\",\"url\":\"https:\\\/\\\/www.euronaval.com\\\/fr\\\/\",\"name\":\"Euronaval\",\"description\":\"The World Naval Defense Exhibition\",\"publisher\":{\"@id\":\"https:\\\/\\\/www.euronaval.com\\\/fr\\\/#organization\"},\"potentialAction\":[{\"@type\":\"SearchAction\",\"target\":{\"@type\":\"EntryPoint\",\"urlTemplate\":\"https:\\\/\\\/www.euronaval.com\\\/fr\\\/?s={search_term_string}\"},\"query-input\":{\"@type\":\"PropertyValueSpecification\",\"valueRequired\":true,\"valueName\":\"search_term_string\"}}],\"inLanguage\":\"fr-FR\"},{\"@type\":\"Organization\",\"@id\":\"https:\\\/\\\/www.euronaval.com\\\/fr\\\/#organization\",\"name\":\"Euronaval\",\"url\":\"https:\\\/\\\/www.euronaval.com\\\/fr\\\/\",\"logo\":{\"@type\":\"ImageObject\",\"inLanguage\":\"fr-FR\",\"@id\":\"https:\\\/\\\/www.euronaval.com\\\/fr\\\/#\\\/schema\\\/logo\\\/image\\\/\",\"url\":\"https:\\\/\\\/www.euronaval.com\\\/wp-content\\\/uploads\\\/2023\\\/06\\\/cropped-logo-euronaval-1.png\",\"contentUrl\":\"https:\\\/\\\/www.euronaval.com\\\/wp-content\\\/uploads\\\/2023\\\/06\\\/cropped-logo-euronaval-1.png\",\"width\":307,\"height\":29,\"caption\":\"Euronaval\"},\"image\":{\"@id\":\"https:\\\/\\\/www.euronaval.com\\\/fr\\\/#\\\/schema\\\/logo\\\/image\\\/\"},\"sameAs\":[\"https:\\\/\\\/www.facebook.com\\\/people\\\/Euronaval\\\/100063477820109\\\/\",\"https:\\\/\\\/x.com\\\/SalonEuronaval\",\"https:\\\/\\\/www.linkedin.com\\\/company\\\/euronaval\\\/\",\"https:\\\/\\\/www.youtube.com\\\/@euronaval8981\"]},{\"@type\":\"Person\",\"@id\":\"https:\\\/\\\/www.euronaval.com\\\/fr\\\/#\\\/schema\\\/person\\\/dbd4889412821fab5405f9250ee42061\",\"name\":\"Laur\u00e8ne FAYET MICQUIAUX\",\"image\":{\"@type\":\"ImageObject\",\"inLanguage\":\"fr-FR\",\"@id\":\"https:\\\/\\\/secure.gravatar.com\\\/avatar\\\/25cda0ea79729ab0b257e3bf038f80eb1aab87c0dc5cbb328fe1048aa2a44f69?s=96&d=mm&r=g\",\"url\":\"https:\\\/\\\/secure.gravatar.com\\\/avatar\\\/25cda0ea79729ab0b257e3bf038f80eb1aab87c0dc5cbb328fe1048aa2a44f69?s=96&d=mm&r=g\",\"contentUrl\":\"https:\\\/\\\/secure.gravatar.com\\\/avatar\\\/25cda0ea79729ab0b257e3bf038f80eb1aab87c0dc5cbb328fe1048aa2a44f69?s=96&d=mm&r=g\",\"caption\":\"Laur\u00e8ne FAYET MICQUIAUX\"},\"url\":\"https:\\\/\\\/www.euronaval.com\\\/fr\\\/author\\\/lfayet\\\/\"}]}<\/script>\n<!-- \/ Yoast SEO plugin. -->","yoast_head_json":{"title":"EURONAVAL 2024: une \u00e9dition d'exception - Euronaval","description":"La 29e \u00e9dition du salon EURONAVAL 2024 s\u2019ach\u00e8ve ce soir, concluant quatre jours d\u2019un \u00e9v\u00e9nement international d\u2019ampleur, marqu\u00e9 par des visites politiques et institutionnelles r\u00e9guli\u00e8res, des annonces et signatures de contrats exclusifs, ainsi qu\u2019un programme riche, tourn\u00e9 vers l\u2019avenir des marines et des innovations navales.","robots":{"index":"index","follow":"follow","max-snippet":"max-snippet:-1","max-image-preview":"max-image-preview:large","max-video-preview":"max-video-preview:-1"},"canonical":"https:\/\/www.euronaval.com\/fr\/euronaval-2024-une-edition-dexception\/","og_locale":"fr_FR","og_type":"article","og_title":"EURONAVAL 2024: une \u00e9dition d'exception - Euronaval","og_description":"La 29e \u00e9dition du salon EURONAVAL 2024 s\u2019ach\u00e8ve ce soir, concluant quatre jours d\u2019un \u00e9v\u00e9nement international d\u2019ampleur, marqu\u00e9 par des visites politiques et institutionnelles r\u00e9guli\u00e8res, des annonces et signatures de contrats exclusifs, ainsi qu\u2019un programme riche, tourn\u00e9 vers l\u2019avenir des marines et des innovations navales.","og_url":"https:\/\/www.euronaval.com\/fr\/euronaval-2024-une-edition-dexception\/","og_site_name":"Euronaval","article_publisher":"https:\/\/www.facebook.com\/people\/Euronaval\/100063477820109\/","article_published_time":"2024-11-13T09:55:36+00:00","article_modified_time":"2024-11-13T10:06:29+00:00","author":"Laur\u00e8ne FAYET MICQUIAUX","twitter_card":"summary_large_image","twitter_creator":"@SalonEuronaval","twitter_site":"@SalonEuronaval","twitter_misc":{"\u00c9crit par":"Laur\u00e8ne FAYET MICQUIAUX"},"schema":{"@context":"https:\/\/schema.org","@graph":[{"@type":"Article","@id":"https:\/\/www.euronaval.com\/fr\/euronaval-2024-une-edition-dexception\/#article","isPartOf":{"@id":"https:\/\/www.euronaval.com\/fr\/euronaval-2024-une-edition-dexception\/"},"author":{"name":"Laur\u00e8ne FAYET MICQUIAUX","@id":"https:\/\/www.euronaval.com\/fr\/#\/schema\/person\/dbd4889412821fab5405f9250ee42061"},"headline":"EURONAVAL 2024: une \u00e9dition d&rsquo;exception","datePublished":"2024-11-13T09:55:36+00:00","dateModified":"2024-11-13T10:06:29+00:00","mainEntityOfPage":{"@id":"https:\/\/www.euronaval.com\/fr\/euronaval-2024-une-edition-dexception\/"},"wordCount":5,"publisher":{"@id":"https:\/\/www.euronaval.com\/fr\/#organization"},"articleSection":["Communiqu\u00e9 de presse"],"inLanguage":"fr-FR"},{"@type":"WebPage","@id":"https:\/\/www.euronaval.com\/fr\/euronaval-2024-une-edition-dexception\/","url":"https:\/\/www.euronaval.com\/fr\/euronaval-2024-une-edition-dexception\/","name":"EURONAVAL 2024: une \u00e9dition d'exception - Euronaval","isPartOf":{"@id":"https:\/\/www.euronaval.com\/fr\/#website"},"datePublished":"2024-11-13T09:55:36+00:00","dateModified":"2024-11-13T10:06:29+00:00","description":"La 29e \u00e9dition du salon EURONAVAL 2024 s\u2019ach\u00e8ve ce soir, concluant quatre jours d\u2019un \u00e9v\u00e9nement international d\u2019ampleur, marqu\u00e9 par des visites politiques et institutionnelles r\u00e9guli\u00e8res, des annonces et signatures de contrats exclusifs, ainsi qu\u2019un programme riche, tourn\u00e9 vers l\u2019avenir des marines et des innovations navales.","breadcrumb":{"@id":"https:\/\/www.euronaval.com\/fr\/euronaval-2024-une-edition-dexception\/#breadcrumb"},"inLanguage":"fr-FR","potentialAction":[{"@type":"ReadAction","target":["https:\/\/www.euronaval.com\/fr\/euronaval-2024-une-edition-dexception\/"]}]},{"@type":"BreadcrumbList","@id":"https:\/\/www.euronaval.com\/fr\/euronaval-2024-une-edition-dexception\/#breadcrumb","itemListElement":[{"@type":"ListItem","position":1,"name":"Accueil","item":"https:\/\/www.euronaval.com\/fr\/"},{"@type":"ListItem","position":2,"name":"EURONAVAL 2024: une \u00e9dition d&#8217;exception"}]},{"@type":"WebSite","@id":"https:\/\/www.euronaval.com\/fr\/#website","url":"https:\/\/www.euronaval.com\/fr\/","name":"Euronaval","description":"The World Naval Defense Exhibition","publisher":{"@id":"https:\/\/www.euronaval.com\/fr\/#organization"},"potentialAction":[{"@type":"SearchAction","target":{"@type":"EntryPoint","urlTemplate":"https:\/\/www.euronaval.com\/fr\/?s={search_term_string}"},"query-input":{"@type":"PropertyValueSpecification","valueRequired":true,"valueName":"search_term_string"}}],"inLanguage":"fr-FR"},{"@type":"Organization","@id":"https:\/\/www.euronaval.com\/fr\/#organization","name":"Euronaval","url":"https:\/\/www.euronaval.com\/fr\/","logo":{"@type":"ImageObject","inLanguage":"fr-FR","@id":"https:\/\/www.euronaval.com\/fr\/#\/schema\/logo\/image\/","url":"https:\/\/www.euronaval.com\/wp-content\/uploads\/2023\/06\/cropped-logo-euronaval-1.png","contentUrl":"https:\/\/www.euronaval.com\/wp-content\/uploads\/2023\/06\/cropped-logo-euronaval-1.png","width":307,"height":29,"caption":"Euronaval"},"image":{"@id":"https:\/\/www.euronaval.com\/fr\/#\/schema\/logo\/image\/"},"sameAs":["https:\/\/www.facebook.com\/people\/Euronaval\/100063477820109\/","https:\/\/x.com\/SalonEuronaval","https:\/\/www.linkedin.com\/company\/euronaval\/","https:\/\/www.youtube.com\/@euronaval8981"]},{"@type":"Person","@id":"https:\/\/www.euronaval.com\/fr\/#\/schema\/person\/dbd4889412821fab5405f9250ee42061","name":"Laur\u00e8ne FAYET MICQUIAUX","image":{"@type":"ImageObject","inLanguage":"fr-FR","@id":"https:\/\/secure.gravatar.com\/avatar\/25cda0ea79729ab0b257e3bf038f80eb1aab87c0dc5cbb328fe1048aa2a44f69?s=96&d=mm&r=g","url":"https:\/\/secure.gravatar.com\/avatar\/25cda0ea79729ab0b257e3bf038f80eb1aab87c0dc5cbb328fe1048aa2a44f69?s=96&d=mm&r=g","contentUrl":"https:\/\/secure.gravatar.com\/avatar\/25cda0ea79729ab0b257e3bf038f80eb1aab87c0dc5cbb328fe1048aa2a44f69?s=96&d=mm&r=g","caption":"Laur\u00e8ne FAYET MICQUIAUX"},"url":"https:\/\/www.euronaval.com\/fr\/author\/lfayet\/"}]}},"_links":{"self":[{"href":"https:\/\/www.euronaval.com\/fr\/wp-json\/wp\/v2\/posts\/12354","targetHints":{"allow":["GET"]}}],"collection":[{"href":"https:\/\/www.euronaval.com\/fr\/wp-json\/wp\/v2\/posts"}],"about":[{"href":"https:\/\/www.euronaval.com\/fr\/wp-json\/wp\/v2\/types\/post"}],"author":[{"embeddable":true,"href":"https:\/\/www.euronaval.com\/fr\/wp-json\/wp\/v2\/users\/4"}],"replies":[{"embeddable":true,"href":"https:\/\/www.euronaval.com\/fr\/wp-json\/wp\/v2\/comments?post=12354"}],"version-history":[{"count":2,"href":"https:\/\/www.euronaval.com\/fr\/wp-json\/wp\/v2\/posts\/12354\/revisions"}],"predecessor-version":[{"id":12356,"href":"https:\/\/www.euronaval.com\/fr\/wp-json\/wp\/v2\/posts\/12354\/revisions\/12356"}],"wp:attachment":[{"href":"https:\/\/www.euronaval.com\/fr\/wp-json\/wp\/v2\/media?parent=12354"}],"wp:term":[{"taxonomy":"category","embeddable":true,"href":"https:\/\/www.euronaval.com\/fr\/wp-json\/wp\/v2\/categories?post=12354"},{"taxonomy":"post_tag","embeddable":true,"href":"https:\/\/www.euronaval.com\/fr\/wp-json\/wp\/v2\/tags?post=12354"}],"curies":[{"name":"wp","href":"https:\/\/api.w.org\/{rel}","templated":true}]}}