{"id":15744,"date":"2025-07-08T11:57:47","date_gmt":"2025-07-08T09:57:47","guid":{"rendered":"https:\/\/www.euronaval.com\/ferri\/"},"modified":"2025-07-08T14:46:41","modified_gmt":"2025-07-08T12:46:41","slug":"ferri","status":"publish","type":"post","link":"https:\/\/www.euronaval.com\/fr\/ferri\/","title":{"rendered":"FERRI"},"content":{"rendered":"\n<p>La participation \u00e0 Euronaval 2024 a \u00e9t\u00e9 une exp\u00e9rience tr\u00e8s enrichissante pour Industrias FERRI. Nous avons pr\u00e9sent\u00e9 nos derni\u00e8res innovations en mati\u00e8re de machines de pont personnalis\u00e9es, de portes de hangar et de coque, et d&rsquo;\u00e9quipements de manutention de charge. L&rsquo;\u00e9v\u00e9nement a renforc\u00e9 notre engagement envers les secteurs de la d\u00e9fense et de la marine, r\u00e9affirmant notre volont\u00e9 de fournir des solutions fiables et innovantes r\u00e9pondant aux normes les plus strictes. Nous saluons \u00e9galement l&rsquo;excellente organisation du salon, qui contribue grandement \u00e0 son prestige et \u00e0 sa r\u00e9putation au sein de l&rsquo;industrie.   <\/p>\n\n<p>Nous sommes impatients de suivre les actualit\u00e9s d&rsquo;Euronaval 2026.<\/p>\n\n<p><\/p>\n","protected":false},"excerpt":{"rendered":"<p>La participation \u00e0 Euronaval 2024 a \u00e9t\u00e9 une exp\u00e9rience tr\u00e8s enrichissante pour Industrias FERRI. Nous avons pr\u00e9sent\u00e9 nos derni\u00e8res innovations en mati\u00e8re de machines de pont personnalis\u00e9es, de portes de hangar et de coque, et d&rsquo;\u00e9quipements de manutention de charge. L&rsquo;\u00e9v\u00e9nement a renforc\u00e9 notre engagement envers les secteurs de la d\u00e9fense et de la marine, [&hellip;]<\/p>\n","protected":false},"author":4,"featured_media":15740,"comment_status":"closed","ping_status":"closed","sticky":false,"template":"","format":"standard","meta":{"_acf_changed":false,"footnotes":"","_links_to":"","_links_to_target":""},"categories":[60],"tags":[],"class_list":["post-15744","post","type-post","status-publish","format-standard","has-post-thumbnail","hentry","category-testimonial-fr"],"acf":[],"yoast_head":"<!-- This site is optimized with the Yoast SEO plugin v27.4 - https:\/\/yoast.com\/product\/yoast-seo-wordpress\/ -->\n<title>FERRI - Euronaval<\/title>\n<meta name=\"description\" content=\"La participation \u00e0 Euronaval 2024 a \u00e9t\u00e9 une exp\u00e9rience tr\u00e8s enrichissante pour Industrias FERRI. Nous sommes impatients de suivre les actualit\u00e9s d&#039;Euronaval 2026.\" \/>\n<meta name=\"robots\" content=\"index, follow, max-snippet:-1, max-image-preview:large, max-video-preview:-1\" \/>\n<link rel=\"canonical\" href=\"https:\/\/www.euronaval.com\/fr\/ferri\/\" \/>\n<meta property=\"og:locale\" content=\"fr_FR\" \/>\n<meta property=\"og:type\" content=\"article\" \/>\n<meta property=\"og:title\" content=\"FERRI - Euronaval\" \/>\n<meta property=\"og:description\" content=\"La participation \u00e0 Euronaval 2024 a \u00e9t\u00e9 une exp\u00e9rience tr\u00e8s enrichissante pour Industrias FERRI. Nous sommes impatients de suivre les actualit\u00e9s d&#039;Euronaval 2026.\" \/>\n<meta property=\"og:url\" content=\"https:\/\/www.euronaval.com\/fr\/ferri\/\" \/>\n<meta property=\"og:site_name\" content=\"Euronaval\" \/>\n<meta property=\"article:publisher\" content=\"https:\/\/www.facebook.com\/people\/Euronaval\/100063477820109\/\" \/>\n<meta property=\"article:published_time\" content=\"2025-07-08T09:57:47+00:00\" \/>\n<meta property=\"article:modified_time\" content=\"2025-07-08T12:46:41+00:00\" \/>\n<meta property=\"og:image\" content=\"https:\/\/www.euronaval.com\/wp-content\/uploads\/2025\/07\/Design-sans-titre-6.png\" \/>\n\t<meta property=\"og:image:width\" content=\"500\" \/>\n\t<meta property=\"og:image:height\" content=\"270\" \/>\n\t<meta property=\"og:image:type\" content=\"image\/png\" \/>\n<meta name=\"author\" content=\"Laur\u00e8ne FAYET MICQUIAUX\" \/>\n<meta name=\"twitter:card\" content=\"summary_large_image\" \/>\n<meta name=\"twitter:creator\" content=\"@SalonEuronaval\" \/>\n<meta name=\"twitter:site\" content=\"@SalonEuronaval\" \/>\n<meta name=\"twitter:label1\" content=\"\u00c9crit par\" \/>\n\t<meta name=\"twitter:data1\" content=\"Laur\u00e8ne FAYET MICQUIAUX\" \/>\n\t<meta name=\"twitter:label2\" content=\"Dur\u00e9e de lecture estim\u00e9e\" \/>\n\t<meta name=\"twitter:data2\" content=\"1 minute\" \/>\n<script type=\"application\/ld+json\" class=\"yoast-schema-graph\">{\"@context\":\"https:\\\/\\\/schema.org\",\"@graph\":[{\"@type\":\"Article\",\"@id\":\"https:\\\/\\\/www.euronaval.com\\\/fr\\\/ferri\\\/#article\",\"isPartOf\":{\"@id\":\"https:\\\/\\\/www.euronaval.com\\\/fr\\\/ferri\\\/\"},\"author\":{\"name\":\"Laur\u00e8ne FAYET MICQUIAUX\",\"@id\":\"https:\\\/\\\/www.euronaval.com\\\/fr\\\/#\\\/schema\\\/person\\\/dbd4889412821fab5405f9250ee42061\"},\"headline\":\"FERRI\",\"datePublished\":\"2025-07-08T09:57:47+00:00\",\"dateModified\":\"2025-07-08T12:46:41+00:00\",\"mainEntityOfPage\":{\"@id\":\"https:\\\/\\\/www.euronaval.com\\\/fr\\\/ferri\\\/\"},\"wordCount\":114,\"publisher\":{\"@id\":\"https:\\\/\\\/www.euronaval.com\\\/fr\\\/#organization\"},\"image\":{\"@id\":\"https:\\\/\\\/www.euronaval.com\\\/fr\\\/ferri\\\/#primaryimage\"},\"thumbnailUrl\":\"https:\\\/\\\/www.euronaval.com\\\/wp-content\\\/uploads\\\/2025\\\/07\\\/Design-sans-titre-6.png\",\"articleSection\":[\"Testimonial\"],\"inLanguage\":\"fr-FR\"},{\"@type\":\"WebPage\",\"@id\":\"https:\\\/\\\/www.euronaval.com\\\/fr\\\/ferri\\\/\",\"url\":\"https:\\\/\\\/www.euronaval.com\\\/fr\\\/ferri\\\/\",\"name\":\"FERRI - Euronaval\",\"isPartOf\":{\"@id\":\"https:\\\/\\\/www.euronaval.com\\\/fr\\\/#website\"},\"primaryImageOfPage\":{\"@id\":\"https:\\\/\\\/www.euronaval.com\\\/fr\\\/ferri\\\/#primaryimage\"},\"image\":{\"@id\":\"https:\\\/\\\/www.euronaval.com\\\/fr\\\/ferri\\\/#primaryimage\"},\"thumbnailUrl\":\"https:\\\/\\\/www.euronaval.com\\\/wp-content\\\/uploads\\\/2025\\\/07\\\/Design-sans-titre-6.png\",\"datePublished\":\"2025-07-08T09:57:47+00:00\",\"dateModified\":\"2025-07-08T12:46:41+00:00\",\"description\":\"La participation \u00e0 Euronaval 2024 a \u00e9t\u00e9 une exp\u00e9rience tr\u00e8s enrichissante pour Industrias FERRI. Nous sommes impatients de suivre les actualit\u00e9s d'Euronaval 2026.\",\"breadcrumb\":{\"@id\":\"https:\\\/\\\/www.euronaval.com\\\/fr\\\/ferri\\\/#breadcrumb\"},\"inLanguage\":\"fr-FR\",\"potentialAction\":[{\"@type\":\"ReadAction\",\"target\":[\"https:\\\/\\\/www.euronaval.com\\\/fr\\\/ferri\\\/\"]}]},{\"@type\":\"ImageObject\",\"inLanguage\":\"fr-FR\",\"@id\":\"https:\\\/\\\/www.euronaval.com\\\/fr\\\/ferri\\\/#primaryimage\",\"url\":\"https:\\\/\\\/www.euronaval.com\\\/wp-content\\\/uploads\\\/2025\\\/07\\\/Design-sans-titre-6.png\",\"contentUrl\":\"https:\\\/\\\/www.euronaval.com\\\/wp-content\\\/uploads\\\/2025\\\/07\\\/Design-sans-titre-6.png\",\"width\":500,\"height\":270},{\"@type\":\"BreadcrumbList\",\"@id\":\"https:\\\/\\\/www.euronaval.com\\\/fr\\\/ferri\\\/#breadcrumb\",\"itemListElement\":[{\"@type\":\"ListItem\",\"position\":1,\"name\":\"Accueil\",\"item\":\"https:\\\/\\\/www.euronaval.com\\\/fr\\\/\"},{\"@type\":\"ListItem\",\"position\":2,\"name\":\"FERRI\"}]},{\"@type\":\"WebSite\",\"@id\":\"https:\\\/\\\/www.euronaval.com\\\/fr\\\/#website\",\"url\":\"https:\\\/\\\/www.euronaval.com\\\/fr\\\/\",\"name\":\"Euronaval\",\"description\":\"The World Naval Defense Exhibition\",\"publisher\":{\"@id\":\"https:\\\/\\\/www.euronaval.com\\\/fr\\\/#organization\"},\"potentialAction\":[{\"@type\":\"SearchAction\",\"target\":{\"@type\":\"EntryPoint\",\"urlTemplate\":\"https:\\\/\\\/www.euronaval.com\\\/fr\\\/?s={search_term_string}\"},\"query-input\":{\"@type\":\"PropertyValueSpecification\",\"valueRequired\":true,\"valueName\":\"search_term_string\"}}],\"inLanguage\":\"fr-FR\"},{\"@type\":\"Organization\",\"@id\":\"https:\\\/\\\/www.euronaval.com\\\/fr\\\/#organization\",\"name\":\"Euronaval\",\"url\":\"https:\\\/\\\/www.euronaval.com\\\/fr\\\/\",\"logo\":{\"@type\":\"ImageObject\",\"inLanguage\":\"fr-FR\",\"@id\":\"https:\\\/\\\/www.euronaval.com\\\/fr\\\/#\\\/schema\\\/logo\\\/image\\\/\",\"url\":\"https:\\\/\\\/www.euronaval.com\\\/wp-content\\\/uploads\\\/2023\\\/06\\\/cropped-logo-euronaval-1.png\",\"contentUrl\":\"https:\\\/\\\/www.euronaval.com\\\/wp-content\\\/uploads\\\/2023\\\/06\\\/cropped-logo-euronaval-1.png\",\"width\":307,\"height\":29,\"caption\":\"Euronaval\"},\"image\":{\"@id\":\"https:\\\/\\\/www.euronaval.com\\\/fr\\\/#\\\/schema\\\/logo\\\/image\\\/\"},\"sameAs\":[\"https:\\\/\\\/www.facebook.com\\\/people\\\/Euronaval\\\/100063477820109\\\/\",\"https:\\\/\\\/x.com\\\/SalonEuronaval\",\"https:\\\/\\\/www.linkedin.com\\\/company\\\/euronaval\\\/\",\"https:\\\/\\\/www.youtube.com\\\/@euronaval8981\"]},{\"@type\":\"Person\",\"@id\":\"https:\\\/\\\/www.euronaval.com\\\/fr\\\/#\\\/schema\\\/person\\\/dbd4889412821fab5405f9250ee42061\",\"name\":\"Laur\u00e8ne FAYET MICQUIAUX\",\"image\":{\"@type\":\"ImageObject\",\"inLanguage\":\"fr-FR\",\"@id\":\"https:\\\/\\\/secure.gravatar.com\\\/avatar\\\/25cda0ea79729ab0b257e3bf038f80eb1aab87c0dc5cbb328fe1048aa2a44f69?s=96&d=mm&r=g\",\"url\":\"https:\\\/\\\/secure.gravatar.com\\\/avatar\\\/25cda0ea79729ab0b257e3bf038f80eb1aab87c0dc5cbb328fe1048aa2a44f69?s=96&d=mm&r=g\",\"contentUrl\":\"https:\\\/\\\/secure.gravatar.com\\\/avatar\\\/25cda0ea79729ab0b257e3bf038f80eb1aab87c0dc5cbb328fe1048aa2a44f69?s=96&d=mm&r=g\",\"caption\":\"Laur\u00e8ne FAYET MICQUIAUX\"},\"url\":\"https:\\\/\\\/www.euronaval.com\\\/fr\\\/author\\\/lfayet\\\/\"}]}<\/script>\n<!-- \/ Yoast SEO plugin. -->","yoast_head_json":{"title":"FERRI - Euronaval","description":"La participation \u00e0 Euronaval 2024 a \u00e9t\u00e9 une exp\u00e9rience tr\u00e8s enrichissante pour Industrias FERRI. Nous sommes impatients de suivre les actualit\u00e9s d'Euronaval 2026.","robots":{"index":"index","follow":"follow","max-snippet":"max-snippet:-1","max-image-preview":"max-image-preview:large","max-video-preview":"max-video-preview:-1"},"canonical":"https:\/\/www.euronaval.com\/fr\/ferri\/","og_locale":"fr_FR","og_type":"article","og_title":"FERRI - Euronaval","og_description":"La participation \u00e0 Euronaval 2024 a \u00e9t\u00e9 une exp\u00e9rience tr\u00e8s enrichissante pour Industrias FERRI. Nous sommes impatients de suivre les actualit\u00e9s d'Euronaval 2026.","og_url":"https:\/\/www.euronaval.com\/fr\/ferri\/","og_site_name":"Euronaval","article_publisher":"https:\/\/www.facebook.com\/people\/Euronaval\/100063477820109\/","article_published_time":"2025-07-08T09:57:47+00:00","article_modified_time":"2025-07-08T12:46:41+00:00","og_image":[{"width":500,"height":270,"url":"https:\/\/www.euronaval.com\/wp-content\/uploads\/2025\/07\/Design-sans-titre-6.png","type":"image\/png"}],"author":"Laur\u00e8ne FAYET MICQUIAUX","twitter_card":"summary_large_image","twitter_creator":"@SalonEuronaval","twitter_site":"@SalonEuronaval","twitter_misc":{"\u00c9crit par":"Laur\u00e8ne FAYET MICQUIAUX","Dur\u00e9e de lecture estim\u00e9e":"1 minute"},"schema":{"@context":"https:\/\/schema.org","@graph":[{"@type":"Article","@id":"https:\/\/www.euronaval.com\/fr\/ferri\/#article","isPartOf":{"@id":"https:\/\/www.euronaval.com\/fr\/ferri\/"},"author":{"name":"Laur\u00e8ne FAYET MICQUIAUX","@id":"https:\/\/www.euronaval.com\/fr\/#\/schema\/person\/dbd4889412821fab5405f9250ee42061"},"headline":"FERRI","datePublished":"2025-07-08T09:57:47+00:00","dateModified":"2025-07-08T12:46:41+00:00","mainEntityOfPage":{"@id":"https:\/\/www.euronaval.com\/fr\/ferri\/"},"wordCount":114,"publisher":{"@id":"https:\/\/www.euronaval.com\/fr\/#organization"},"image":{"@id":"https:\/\/www.euronaval.com\/fr\/ferri\/#primaryimage"},"thumbnailUrl":"https:\/\/www.euronaval.com\/wp-content\/uploads\/2025\/07\/Design-sans-titre-6.png","articleSection":["Testimonial"],"inLanguage":"fr-FR"},{"@type":"WebPage","@id":"https:\/\/www.euronaval.com\/fr\/ferri\/","url":"https:\/\/www.euronaval.com\/fr\/ferri\/","name":"FERRI - Euronaval","isPartOf":{"@id":"https:\/\/www.euronaval.com\/fr\/#website"},"primaryImageOfPage":{"@id":"https:\/\/www.euronaval.com\/fr\/ferri\/#primaryimage"},"image":{"@id":"https:\/\/www.euronaval.com\/fr\/ferri\/#primaryimage"},"thumbnailUrl":"https:\/\/www.euronaval.com\/wp-content\/uploads\/2025\/07\/Design-sans-titre-6.png","datePublished":"2025-07-08T09:57:47+00:00","dateModified":"2025-07-08T12:46:41+00:00","description":"La participation \u00e0 Euronaval 2024 a \u00e9t\u00e9 une exp\u00e9rience tr\u00e8s enrichissante pour Industrias FERRI. Nous sommes impatients de suivre les actualit\u00e9s d'Euronaval 2026.","breadcrumb":{"@id":"https:\/\/www.euronaval.com\/fr\/ferri\/#breadcrumb"},"inLanguage":"fr-FR","potentialAction":[{"@type":"ReadAction","target":["https:\/\/www.euronaval.com\/fr\/ferri\/"]}]},{"@type":"ImageObject","inLanguage":"fr-FR","@id":"https:\/\/www.euronaval.com\/fr\/ferri\/#primaryimage","url":"https:\/\/www.euronaval.com\/wp-content\/uploads\/2025\/07\/Design-sans-titre-6.png","contentUrl":"https:\/\/www.euronaval.com\/wp-content\/uploads\/2025\/07\/Design-sans-titre-6.png","width":500,"height":270},{"@type":"BreadcrumbList","@id":"https:\/\/www.euronaval.com\/fr\/ferri\/#breadcrumb","itemListElement":[{"@type":"ListItem","position":1,"name":"Accueil","item":"https:\/\/www.euronaval.com\/fr\/"},{"@type":"ListItem","position":2,"name":"FERRI"}]},{"@type":"WebSite","@id":"https:\/\/www.euronaval.com\/fr\/#website","url":"https:\/\/www.euronaval.com\/fr\/","name":"Euronaval","description":"The World Naval Defense Exhibition","publisher":{"@id":"https:\/\/www.euronaval.com\/fr\/#organization"},"potentialAction":[{"@type":"SearchAction","target":{"@type":"EntryPoint","urlTemplate":"https:\/\/www.euronaval.com\/fr\/?s={search_term_string}"},"query-input":{"@type":"PropertyValueSpecification","valueRequired":true,"valueName":"search_term_string"}}],"inLanguage":"fr-FR"},{"@type":"Organization","@id":"https:\/\/www.euronaval.com\/fr\/#organization","name":"Euronaval","url":"https:\/\/www.euronaval.com\/fr\/","logo":{"@type":"ImageObject","inLanguage":"fr-FR","@id":"https:\/\/www.euronaval.com\/fr\/#\/schema\/logo\/image\/","url":"https:\/\/www.euronaval.com\/wp-content\/uploads\/2023\/06\/cropped-logo-euronaval-1.png","contentUrl":"https:\/\/www.euronaval.com\/wp-content\/uploads\/2023\/06\/cropped-logo-euronaval-1.png","width":307,"height":29,"caption":"Euronaval"},"image":{"@id":"https:\/\/www.euronaval.com\/fr\/#\/schema\/logo\/image\/"},"sameAs":["https:\/\/www.facebook.com\/people\/Euronaval\/100063477820109\/","https:\/\/x.com\/SalonEuronaval","https:\/\/www.linkedin.com\/company\/euronaval\/","https:\/\/www.youtube.com\/@euronaval8981"]},{"@type":"Person","@id":"https:\/\/www.euronaval.com\/fr\/#\/schema\/person\/dbd4889412821fab5405f9250ee42061","name":"Laur\u00e8ne FAYET MICQUIAUX","image":{"@type":"ImageObject","inLanguage":"fr-FR","@id":"https:\/\/secure.gravatar.com\/avatar\/25cda0ea79729ab0b257e3bf038f80eb1aab87c0dc5cbb328fe1048aa2a44f69?s=96&d=mm&r=g","url":"https:\/\/secure.gravatar.com\/avatar\/25cda0ea79729ab0b257e3bf038f80eb1aab87c0dc5cbb328fe1048aa2a44f69?s=96&d=mm&r=g","contentUrl":"https:\/\/secure.gravatar.com\/avatar\/25cda0ea79729ab0b257e3bf038f80eb1aab87c0dc5cbb328fe1048aa2a44f69?s=96&d=mm&r=g","caption":"Laur\u00e8ne FAYET MICQUIAUX"},"url":"https:\/\/www.euronaval.com\/fr\/author\/lfayet\/"}]}},"_links":{"self":[{"href":"https:\/\/www.euronaval.com\/fr\/wp-json\/wp\/v2\/posts\/15744","targetHints":{"allow":["GET"]}}],"collection":[{"href":"https:\/\/www.euronaval.com\/fr\/wp-json\/wp\/v2\/posts"}],"about":[{"href":"https:\/\/www.euronaval.com\/fr\/wp-json\/wp\/v2\/types\/post"}],"author":[{"embeddable":true,"href":"https:\/\/www.euronaval.com\/fr\/wp-json\/wp\/v2\/users\/4"}],"replies":[{"embeddable":true,"href":"https:\/\/www.euronaval.com\/fr\/wp-json\/wp\/v2\/comments?post=15744"}],"version-history":[{"count":1,"href":"https:\/\/www.euronaval.com\/fr\/wp-json\/wp\/v2\/posts\/15744\/revisions"}],"predecessor-version":[{"id":15745,"href":"https:\/\/www.euronaval.com\/fr\/wp-json\/wp\/v2\/posts\/15744\/revisions\/15745"}],"wp:featuredmedia":[{"embeddable":true,"href":"https:\/\/www.euronaval.com\/fr\/wp-json\/wp\/v2\/media\/15740"}],"wp:attachment":[{"href":"https:\/\/www.euronaval.com\/fr\/wp-json\/wp\/v2\/media?parent=15744"}],"wp:term":[{"taxonomy":"category","embeddable":true,"href":"https:\/\/www.euronaval.com\/fr\/wp-json\/wp\/v2\/categories?post=15744"},{"taxonomy":"post_tag","embeddable":true,"href":"https:\/\/www.euronaval.com\/fr\/wp-json\/wp\/v2\/tags?post=15744"}],"curies":[{"name":"wp","href":"https:\/\/api.w.org\/{rel}","templated":true}]}}