{"id":15756,"date":"2025-07-08T15:11:13","date_gmt":"2025-07-08T13:11:13","guid":{"rendered":"https:\/\/www.euronaval.com\/fincantieri\/"},"modified":"2025-07-08T15:13:31","modified_gmt":"2025-07-08T13:13:31","slug":"fincantieri","status":"publish","type":"post","link":"https:\/\/www.euronaval.com\/fr\/fincantieri\/","title":{"rendered":"FINCANTIERI"},"content":{"rendered":"\n<p>Dans un contexte international en constante \u00e9volution, o\u00f9 la s\u00e9curit\u00e9 maritime et l\u2019innovation technologique sont essentielles, Fincantieri confirme sa participation \u00e0 Euronaval 2026. Ce salon est une plateforme strat\u00e9gique de dialogue et de coop\u00e9ration avec les marines, les institutions et les acteurs industriels, pour<br\/>r\u00e9pondre aux nouveaux d\u00e9fis op\u00e9rationnels. <\/p>\n\n<p><\/p>\n\n<p><\/p>\n","protected":false},"excerpt":{"rendered":"<p>Dans un contexte international en constante \u00e9volution, o\u00f9 la s\u00e9curit\u00e9 maritime et l\u2019innovation technologique sont essentielles, Fincantieri confirme sa participation \u00e0 Euronaval 2026. Ce salon est une plateforme strat\u00e9gique de dialogue et de coop\u00e9ration avec les marines, les institutions et les acteurs industriels, pourr\u00e9pondre aux nouveaux d\u00e9fis op\u00e9rationnels.<\/p>\n","protected":false},"author":4,"featured_media":15754,"comment_status":"closed","ping_status":"closed","sticky":false,"template":"","format":"standard","meta":{"_acf_changed":false,"footnotes":"","_links_to":"","_links_to_target":""},"categories":[60],"tags":[],"class_list":["post-15756","post","type-post","status-publish","format-standard","has-post-thumbnail","hentry","category-testimonial-fr"],"acf":[],"yoast_head":"<!-- This site is optimized with the Yoast SEO plugin v27.4 - https:\/\/yoast.com\/product\/yoast-seo-wordpress\/ -->\n<title>FINCANTIERI - Euronaval<\/title>\n<meta name=\"description\" content=\"Dans un contexte international en constante \u00e9volution, o\u00f9 la s\u00e9curit\u00e9 maritime et l\u2019innovation technologique sont essentielles, Fincantieri confirme sa participation \u00e0 Euronaval 2026. Ce salon est une plateforme strat\u00e9gique de dialogue et de coop\u00e9ration avec les marines, les institutions et les acteurs industriels, pourr\u00e9pondre aux nouveaux d\u00e9fis op\u00e9rationnels.\" \/>\n<meta name=\"robots\" content=\"index, follow, max-snippet:-1, max-image-preview:large, max-video-preview:-1\" \/>\n<link rel=\"canonical\" href=\"https:\/\/www.euronaval.com\/fr\/fincantieri\/\" \/>\n<meta property=\"og:locale\" content=\"fr_FR\" \/>\n<meta property=\"og:type\" content=\"article\" \/>\n<meta property=\"og:title\" content=\"FINCANTIERI - Euronaval\" \/>\n<meta property=\"og:description\" content=\"Dans un contexte international en constante \u00e9volution, o\u00f9 la s\u00e9curit\u00e9 maritime et l\u2019innovation technologique sont essentielles, Fincantieri confirme sa participation \u00e0 Euronaval 2026. Ce salon est une plateforme strat\u00e9gique de dialogue et de coop\u00e9ration avec les marines, les institutions et les acteurs industriels, pourr\u00e9pondre aux nouveaux d\u00e9fis op\u00e9rationnels.\" \/>\n<meta property=\"og:url\" content=\"https:\/\/www.euronaval.com\/fr\/fincantieri\/\" \/>\n<meta property=\"og:site_name\" content=\"Euronaval\" \/>\n<meta property=\"article:publisher\" content=\"https:\/\/www.facebook.com\/people\/Euronaval\/100063477820109\/\" \/>\n<meta property=\"article:published_time\" content=\"2025-07-08T13:11:13+00:00\" \/>\n<meta property=\"article:modified_time\" content=\"2025-07-08T13:13:31+00:00\" \/>\n<meta property=\"og:image\" content=\"https:\/\/www.euronaval.com\/wp-content\/uploads\/2025\/07\/Design-sans-titre-10.png\" \/>\n\t<meta property=\"og:image:width\" content=\"500\" \/>\n\t<meta property=\"og:image:height\" content=\"270\" \/>\n\t<meta property=\"og:image:type\" content=\"image\/png\" \/>\n<meta name=\"author\" content=\"Laur\u00e8ne FAYET MICQUIAUX\" \/>\n<meta name=\"twitter:card\" content=\"summary_large_image\" \/>\n<meta name=\"twitter:creator\" content=\"@SalonEuronaval\" \/>\n<meta name=\"twitter:site\" content=\"@SalonEuronaval\" \/>\n<meta name=\"twitter:label1\" content=\"\u00c9crit par\" \/>\n\t<meta name=\"twitter:data1\" content=\"Laur\u00e8ne FAYET MICQUIAUX\" \/>\n<script type=\"application\/ld+json\" class=\"yoast-schema-graph\">{\"@context\":\"https:\\\/\\\/schema.org\",\"@graph\":[{\"@type\":\"Article\",\"@id\":\"https:\\\/\\\/www.euronaval.com\\\/fr\\\/fincantieri\\\/#article\",\"isPartOf\":{\"@id\":\"https:\\\/\\\/www.euronaval.com\\\/fr\\\/fincantieri\\\/\"},\"author\":{\"name\":\"Laur\u00e8ne FAYET MICQUIAUX\",\"@id\":\"https:\\\/\\\/www.euronaval.com\\\/fr\\\/#\\\/schema\\\/person\\\/dbd4889412821fab5405f9250ee42061\"},\"headline\":\"FINCANTIERI\",\"datePublished\":\"2025-07-08T13:11:13+00:00\",\"dateModified\":\"2025-07-08T13:13:31+00:00\",\"mainEntityOfPage\":{\"@id\":\"https:\\\/\\\/www.euronaval.com\\\/fr\\\/fincantieri\\\/\"},\"wordCount\":54,\"publisher\":{\"@id\":\"https:\\\/\\\/www.euronaval.com\\\/fr\\\/#organization\"},\"image\":{\"@id\":\"https:\\\/\\\/www.euronaval.com\\\/fr\\\/fincantieri\\\/#primaryimage\"},\"thumbnailUrl\":\"https:\\\/\\\/www.euronaval.com\\\/wp-content\\\/uploads\\\/2025\\\/07\\\/Design-sans-titre-10.png\",\"articleSection\":[\"Testimonial\"],\"inLanguage\":\"fr-FR\"},{\"@type\":\"WebPage\",\"@id\":\"https:\\\/\\\/www.euronaval.com\\\/fr\\\/fincantieri\\\/\",\"url\":\"https:\\\/\\\/www.euronaval.com\\\/fr\\\/fincantieri\\\/\",\"name\":\"FINCANTIERI - Euronaval\",\"isPartOf\":{\"@id\":\"https:\\\/\\\/www.euronaval.com\\\/fr\\\/#website\"},\"primaryImageOfPage\":{\"@id\":\"https:\\\/\\\/www.euronaval.com\\\/fr\\\/fincantieri\\\/#primaryimage\"},\"image\":{\"@id\":\"https:\\\/\\\/www.euronaval.com\\\/fr\\\/fincantieri\\\/#primaryimage\"},\"thumbnailUrl\":\"https:\\\/\\\/www.euronaval.com\\\/wp-content\\\/uploads\\\/2025\\\/07\\\/Design-sans-titre-10.png\",\"datePublished\":\"2025-07-08T13:11:13+00:00\",\"dateModified\":\"2025-07-08T13:13:31+00:00\",\"description\":\"Dans un contexte international en constante \u00e9volution, o\u00f9 la s\u00e9curit\u00e9 maritime et l\u2019innovation technologique sont essentielles, Fincantieri confirme sa participation \u00e0 Euronaval 2026. Ce salon est une plateforme strat\u00e9gique de dialogue et de coop\u00e9ration avec les marines, les institutions et les acteurs industriels, pourr\u00e9pondre aux nouveaux d\u00e9fis op\u00e9rationnels.\",\"breadcrumb\":{\"@id\":\"https:\\\/\\\/www.euronaval.com\\\/fr\\\/fincantieri\\\/#breadcrumb\"},\"inLanguage\":\"fr-FR\",\"potentialAction\":[{\"@type\":\"ReadAction\",\"target\":[\"https:\\\/\\\/www.euronaval.com\\\/fr\\\/fincantieri\\\/\"]}]},{\"@type\":\"ImageObject\",\"inLanguage\":\"fr-FR\",\"@id\":\"https:\\\/\\\/www.euronaval.com\\\/fr\\\/fincantieri\\\/#primaryimage\",\"url\":\"https:\\\/\\\/www.euronaval.com\\\/wp-content\\\/uploads\\\/2025\\\/07\\\/Design-sans-titre-10.png\",\"contentUrl\":\"https:\\\/\\\/www.euronaval.com\\\/wp-content\\\/uploads\\\/2025\\\/07\\\/Design-sans-titre-10.png\",\"width\":500,\"height\":270},{\"@type\":\"BreadcrumbList\",\"@id\":\"https:\\\/\\\/www.euronaval.com\\\/fr\\\/fincantieri\\\/#breadcrumb\",\"itemListElement\":[{\"@type\":\"ListItem\",\"position\":1,\"name\":\"Accueil\",\"item\":\"https:\\\/\\\/www.euronaval.com\\\/fr\\\/\"},{\"@type\":\"ListItem\",\"position\":2,\"name\":\"FINCANTIERI\"}]},{\"@type\":\"WebSite\",\"@id\":\"https:\\\/\\\/www.euronaval.com\\\/fr\\\/#website\",\"url\":\"https:\\\/\\\/www.euronaval.com\\\/fr\\\/\",\"name\":\"Euronaval\",\"description\":\"The World Naval Defense Exhibition\",\"publisher\":{\"@id\":\"https:\\\/\\\/www.euronaval.com\\\/fr\\\/#organization\"},\"potentialAction\":[{\"@type\":\"SearchAction\",\"target\":{\"@type\":\"EntryPoint\",\"urlTemplate\":\"https:\\\/\\\/www.euronaval.com\\\/fr\\\/?s={search_term_string}\"},\"query-input\":{\"@type\":\"PropertyValueSpecification\",\"valueRequired\":true,\"valueName\":\"search_term_string\"}}],\"inLanguage\":\"fr-FR\"},{\"@type\":\"Organization\",\"@id\":\"https:\\\/\\\/www.euronaval.com\\\/fr\\\/#organization\",\"name\":\"Euronaval\",\"url\":\"https:\\\/\\\/www.euronaval.com\\\/fr\\\/\",\"logo\":{\"@type\":\"ImageObject\",\"inLanguage\":\"fr-FR\",\"@id\":\"https:\\\/\\\/www.euronaval.com\\\/fr\\\/#\\\/schema\\\/logo\\\/image\\\/\",\"url\":\"https:\\\/\\\/www.euronaval.com\\\/wp-content\\\/uploads\\\/2023\\\/06\\\/cropped-logo-euronaval-1.png\",\"contentUrl\":\"https:\\\/\\\/www.euronaval.com\\\/wp-content\\\/uploads\\\/2023\\\/06\\\/cropped-logo-euronaval-1.png\",\"width\":307,\"height\":29,\"caption\":\"Euronaval\"},\"image\":{\"@id\":\"https:\\\/\\\/www.euronaval.com\\\/fr\\\/#\\\/schema\\\/logo\\\/image\\\/\"},\"sameAs\":[\"https:\\\/\\\/www.facebook.com\\\/people\\\/Euronaval\\\/100063477820109\\\/\",\"https:\\\/\\\/x.com\\\/SalonEuronaval\",\"https:\\\/\\\/www.linkedin.com\\\/company\\\/euronaval\\\/\",\"https:\\\/\\\/www.youtube.com\\\/@euronaval8981\"]},{\"@type\":\"Person\",\"@id\":\"https:\\\/\\\/www.euronaval.com\\\/fr\\\/#\\\/schema\\\/person\\\/dbd4889412821fab5405f9250ee42061\",\"name\":\"Laur\u00e8ne FAYET MICQUIAUX\",\"image\":{\"@type\":\"ImageObject\",\"inLanguage\":\"fr-FR\",\"@id\":\"https:\\\/\\\/secure.gravatar.com\\\/avatar\\\/25cda0ea79729ab0b257e3bf038f80eb1aab87c0dc5cbb328fe1048aa2a44f69?s=96&d=mm&r=g\",\"url\":\"https:\\\/\\\/secure.gravatar.com\\\/avatar\\\/25cda0ea79729ab0b257e3bf038f80eb1aab87c0dc5cbb328fe1048aa2a44f69?s=96&d=mm&r=g\",\"contentUrl\":\"https:\\\/\\\/secure.gravatar.com\\\/avatar\\\/25cda0ea79729ab0b257e3bf038f80eb1aab87c0dc5cbb328fe1048aa2a44f69?s=96&d=mm&r=g\",\"caption\":\"Laur\u00e8ne FAYET MICQUIAUX\"},\"url\":\"https:\\\/\\\/www.euronaval.com\\\/fr\\\/author\\\/lfayet\\\/\"}]}<\/script>\n<!-- \/ Yoast SEO plugin. -->","yoast_head_json":{"title":"FINCANTIERI - Euronaval","description":"Dans un contexte international en constante \u00e9volution, o\u00f9 la s\u00e9curit\u00e9 maritime et l\u2019innovation technologique sont essentielles, Fincantieri confirme sa participation \u00e0 Euronaval 2026. Ce salon est une plateforme strat\u00e9gique de dialogue et de coop\u00e9ration avec les marines, les institutions et les acteurs industriels, pourr\u00e9pondre aux nouveaux d\u00e9fis op\u00e9rationnels.","robots":{"index":"index","follow":"follow","max-snippet":"max-snippet:-1","max-image-preview":"max-image-preview:large","max-video-preview":"max-video-preview:-1"},"canonical":"https:\/\/www.euronaval.com\/fr\/fincantieri\/","og_locale":"fr_FR","og_type":"article","og_title":"FINCANTIERI - Euronaval","og_description":"Dans un contexte international en constante \u00e9volution, o\u00f9 la s\u00e9curit\u00e9 maritime et l\u2019innovation technologique sont essentielles, Fincantieri confirme sa participation \u00e0 Euronaval 2026. Ce salon est une plateforme strat\u00e9gique de dialogue et de coop\u00e9ration avec les marines, les institutions et les acteurs industriels, pourr\u00e9pondre aux nouveaux d\u00e9fis op\u00e9rationnels.","og_url":"https:\/\/www.euronaval.com\/fr\/fincantieri\/","og_site_name":"Euronaval","article_publisher":"https:\/\/www.facebook.com\/people\/Euronaval\/100063477820109\/","article_published_time":"2025-07-08T13:11:13+00:00","article_modified_time":"2025-07-08T13:13:31+00:00","og_image":[{"width":500,"height":270,"url":"https:\/\/www.euronaval.com\/wp-content\/uploads\/2025\/07\/Design-sans-titre-10.png","type":"image\/png"}],"author":"Laur\u00e8ne FAYET MICQUIAUX","twitter_card":"summary_large_image","twitter_creator":"@SalonEuronaval","twitter_site":"@SalonEuronaval","twitter_misc":{"\u00c9crit par":"Laur\u00e8ne FAYET MICQUIAUX"},"schema":{"@context":"https:\/\/schema.org","@graph":[{"@type":"Article","@id":"https:\/\/www.euronaval.com\/fr\/fincantieri\/#article","isPartOf":{"@id":"https:\/\/www.euronaval.com\/fr\/fincantieri\/"},"author":{"name":"Laur\u00e8ne FAYET MICQUIAUX","@id":"https:\/\/www.euronaval.com\/fr\/#\/schema\/person\/dbd4889412821fab5405f9250ee42061"},"headline":"FINCANTIERI","datePublished":"2025-07-08T13:11:13+00:00","dateModified":"2025-07-08T13:13:31+00:00","mainEntityOfPage":{"@id":"https:\/\/www.euronaval.com\/fr\/fincantieri\/"},"wordCount":54,"publisher":{"@id":"https:\/\/www.euronaval.com\/fr\/#organization"},"image":{"@id":"https:\/\/www.euronaval.com\/fr\/fincantieri\/#primaryimage"},"thumbnailUrl":"https:\/\/www.euronaval.com\/wp-content\/uploads\/2025\/07\/Design-sans-titre-10.png","articleSection":["Testimonial"],"inLanguage":"fr-FR"},{"@type":"WebPage","@id":"https:\/\/www.euronaval.com\/fr\/fincantieri\/","url":"https:\/\/www.euronaval.com\/fr\/fincantieri\/","name":"FINCANTIERI - Euronaval","isPartOf":{"@id":"https:\/\/www.euronaval.com\/fr\/#website"},"primaryImageOfPage":{"@id":"https:\/\/www.euronaval.com\/fr\/fincantieri\/#primaryimage"},"image":{"@id":"https:\/\/www.euronaval.com\/fr\/fincantieri\/#primaryimage"},"thumbnailUrl":"https:\/\/www.euronaval.com\/wp-content\/uploads\/2025\/07\/Design-sans-titre-10.png","datePublished":"2025-07-08T13:11:13+00:00","dateModified":"2025-07-08T13:13:31+00:00","description":"Dans un contexte international en constante \u00e9volution, o\u00f9 la s\u00e9curit\u00e9 maritime et l\u2019innovation technologique sont essentielles, Fincantieri confirme sa participation \u00e0 Euronaval 2026. Ce salon est une plateforme strat\u00e9gique de dialogue et de coop\u00e9ration avec les marines, les institutions et les acteurs industriels, pourr\u00e9pondre aux nouveaux d\u00e9fis op\u00e9rationnels.","breadcrumb":{"@id":"https:\/\/www.euronaval.com\/fr\/fincantieri\/#breadcrumb"},"inLanguage":"fr-FR","potentialAction":[{"@type":"ReadAction","target":["https:\/\/www.euronaval.com\/fr\/fincantieri\/"]}]},{"@type":"ImageObject","inLanguage":"fr-FR","@id":"https:\/\/www.euronaval.com\/fr\/fincantieri\/#primaryimage","url":"https:\/\/www.euronaval.com\/wp-content\/uploads\/2025\/07\/Design-sans-titre-10.png","contentUrl":"https:\/\/www.euronaval.com\/wp-content\/uploads\/2025\/07\/Design-sans-titre-10.png","width":500,"height":270},{"@type":"BreadcrumbList","@id":"https:\/\/www.euronaval.com\/fr\/fincantieri\/#breadcrumb","itemListElement":[{"@type":"ListItem","position":1,"name":"Accueil","item":"https:\/\/www.euronaval.com\/fr\/"},{"@type":"ListItem","position":2,"name":"FINCANTIERI"}]},{"@type":"WebSite","@id":"https:\/\/www.euronaval.com\/fr\/#website","url":"https:\/\/www.euronaval.com\/fr\/","name":"Euronaval","description":"The World Naval Defense Exhibition","publisher":{"@id":"https:\/\/www.euronaval.com\/fr\/#organization"},"potentialAction":[{"@type":"SearchAction","target":{"@type":"EntryPoint","urlTemplate":"https:\/\/www.euronaval.com\/fr\/?s={search_term_string}"},"query-input":{"@type":"PropertyValueSpecification","valueRequired":true,"valueName":"search_term_string"}}],"inLanguage":"fr-FR"},{"@type":"Organization","@id":"https:\/\/www.euronaval.com\/fr\/#organization","name":"Euronaval","url":"https:\/\/www.euronaval.com\/fr\/","logo":{"@type":"ImageObject","inLanguage":"fr-FR","@id":"https:\/\/www.euronaval.com\/fr\/#\/schema\/logo\/image\/","url":"https:\/\/www.euronaval.com\/wp-content\/uploads\/2023\/06\/cropped-logo-euronaval-1.png","contentUrl":"https:\/\/www.euronaval.com\/wp-content\/uploads\/2023\/06\/cropped-logo-euronaval-1.png","width":307,"height":29,"caption":"Euronaval"},"image":{"@id":"https:\/\/www.euronaval.com\/fr\/#\/schema\/logo\/image\/"},"sameAs":["https:\/\/www.facebook.com\/people\/Euronaval\/100063477820109\/","https:\/\/x.com\/SalonEuronaval","https:\/\/www.linkedin.com\/company\/euronaval\/","https:\/\/www.youtube.com\/@euronaval8981"]},{"@type":"Person","@id":"https:\/\/www.euronaval.com\/fr\/#\/schema\/person\/dbd4889412821fab5405f9250ee42061","name":"Laur\u00e8ne FAYET MICQUIAUX","image":{"@type":"ImageObject","inLanguage":"fr-FR","@id":"https:\/\/secure.gravatar.com\/avatar\/25cda0ea79729ab0b257e3bf038f80eb1aab87c0dc5cbb328fe1048aa2a44f69?s=96&d=mm&r=g","url":"https:\/\/secure.gravatar.com\/avatar\/25cda0ea79729ab0b257e3bf038f80eb1aab87c0dc5cbb328fe1048aa2a44f69?s=96&d=mm&r=g","contentUrl":"https:\/\/secure.gravatar.com\/avatar\/25cda0ea79729ab0b257e3bf038f80eb1aab87c0dc5cbb328fe1048aa2a44f69?s=96&d=mm&r=g","caption":"Laur\u00e8ne FAYET MICQUIAUX"},"url":"https:\/\/www.euronaval.com\/fr\/author\/lfayet\/"}]}},"_links":{"self":[{"href":"https:\/\/www.euronaval.com\/fr\/wp-json\/wp\/v2\/posts\/15756","targetHints":{"allow":["GET"]}}],"collection":[{"href":"https:\/\/www.euronaval.com\/fr\/wp-json\/wp\/v2\/posts"}],"about":[{"href":"https:\/\/www.euronaval.com\/fr\/wp-json\/wp\/v2\/types\/post"}],"author":[{"embeddable":true,"href":"https:\/\/www.euronaval.com\/fr\/wp-json\/wp\/v2\/users\/4"}],"replies":[{"embeddable":true,"href":"https:\/\/www.euronaval.com\/fr\/wp-json\/wp\/v2\/comments?post=15756"}],"version-history":[{"count":1,"href":"https:\/\/www.euronaval.com\/fr\/wp-json\/wp\/v2\/posts\/15756\/revisions"}],"predecessor-version":[{"id":15757,"href":"https:\/\/www.euronaval.com\/fr\/wp-json\/wp\/v2\/posts\/15756\/revisions\/15757"}],"wp:featuredmedia":[{"embeddable":true,"href":"https:\/\/www.euronaval.com\/fr\/wp-json\/wp\/v2\/media\/15754"}],"wp:attachment":[{"href":"https:\/\/www.euronaval.com\/fr\/wp-json\/wp\/v2\/media?parent=15756"}],"wp:term":[{"taxonomy":"category","embeddable":true,"href":"https:\/\/www.euronaval.com\/fr\/wp-json\/wp\/v2\/categories?post=15756"},{"taxonomy":"post_tag","embeddable":true,"href":"https:\/\/www.euronaval.com\/fr\/wp-json\/wp\/v2\/tags?post=15756"}],"curies":[{"name":"wp","href":"https:\/\/api.w.org\/{rel}","templated":true}]}}