{"id":17165,"date":"2025-11-05T12:11:36","date_gmt":"2025-11-05T11:11:36","guid":{"rendered":"https:\/\/www.euronaval.com\/euronaval-2026-nouveau-commissaire-general\/"},"modified":"2025-11-05T12:17:21","modified_gmt":"2025-11-05T11:17:21","slug":"euronaval-2026-nouveau-commissaire-general","status":"publish","type":"post","link":"https:\/\/www.euronaval.com\/fr\/euronaval-2026-nouveau-commissaire-general\/","title":{"rendered":"EURONAVAL 2026: Nouveau Commissaire G\u00e9n\u00e9ral"},"content":{"rendered":"\n<h1 class=\"wp-block-heading\"><\/h1>\n\n\n\n<p><\/p>\n","protected":false},"excerpt":{"rendered":"<p>La SOGENA annonce la nomination de Guillaume MERVEILLEUX DU VIGNAUX comme Commissaire G\u00e9n\u00e9ral d\u2019EURONAVAL \u00e0 compter du 1er novembre 2025. <\/p>\n","protected":false},"author":4,"featured_media":0,"comment_status":"closed","ping_status":"closed","sticky":false,"template":"","format":"standard","meta":{"_acf_changed":false,"footnotes":"","_links_to":"","_links_to_target":""},"categories":[28],"tags":[],"class_list":["post-17165","post","type-post","status-publish","format-standard","hentry","category-communique-de-presse"],"acf":{"bouton":"EN SAVOIR PLUS","url":"https:\/\/s321w.mjt.lu\/nl3\/ACXc6HBDqg-LoJfQxlN0Lg?hl=fr"},"yoast_head":"<!-- This site is optimized with the Yoast SEO plugin v27.4 - https:\/\/yoast.com\/product\/yoast-seo-wordpress\/ -->\n<title>EURONAVAL 2026: Nouveau Commissaire G\u00e9n\u00e9ral - Euronaval<\/title>\n<meta name=\"description\" content=\"La SOGENA annonce la nomination de Guillaume MERVEILLEUX DU VIGNAUX comme Commissaire G\u00e9n\u00e9ral d\u2019EURONAVAL \u00e0 compter du 1er novembre 2025. Paris, le 4 novembre - La SOGENA, soci\u00e9t\u00e9 organisatrice du salon EURONAVAL, r\u00e9f\u00e9rence mondiale du naval de d\u00e9fense et de la s\u00e9curit\u00e9 maritime, a le plaisir d\u2019annoncer la nomination de Guillaume MERVEILLEUX DU VIGNAUX au poste de Commissaire G\u00e9n\u00e9ral d\u2019EURONAVAL \u00e0 compter du 1er novembre 2025.\" \/>\n<meta name=\"robots\" content=\"index, follow, max-snippet:-1, max-image-preview:large, max-video-preview:-1\" \/>\n<link rel=\"canonical\" href=\"https:\/\/www.euronaval.com\/fr\/euronaval-2026-nouveau-commissaire-general\/\" \/>\n<meta property=\"og:locale\" content=\"fr_FR\" \/>\n<meta property=\"og:type\" content=\"article\" \/>\n<meta property=\"og:title\" content=\"EURONAVAL 2026: Nouveau Commissaire G\u00e9n\u00e9ral - Euronaval\" \/>\n<meta property=\"og:description\" content=\"La SOGENA annonce la nomination de Guillaume MERVEILLEUX DU VIGNAUX comme Commissaire G\u00e9n\u00e9ral d\u2019EURONAVAL \u00e0 compter du 1er novembre 2025. Paris, le 4 novembre - La SOGENA, soci\u00e9t\u00e9 organisatrice du salon EURONAVAL, r\u00e9f\u00e9rence mondiale du naval de d\u00e9fense et de la s\u00e9curit\u00e9 maritime, a le plaisir d\u2019annoncer la nomination de Guillaume MERVEILLEUX DU VIGNAUX au poste de Commissaire G\u00e9n\u00e9ral d\u2019EURONAVAL \u00e0 compter du 1er novembre 2025.\" \/>\n<meta property=\"og:url\" content=\"https:\/\/www.euronaval.com\/fr\/euronaval-2026-nouveau-commissaire-general\/\" \/>\n<meta property=\"og:site_name\" content=\"Euronaval\" \/>\n<meta property=\"article:publisher\" content=\"https:\/\/www.facebook.com\/people\/Euronaval\/100063477820109\/\" \/>\n<meta property=\"article:published_time\" content=\"2025-11-05T11:11:36+00:00\" \/>\n<meta property=\"article:modified_time\" content=\"2025-11-05T11:17:21+00:00\" \/>\n<meta name=\"author\" content=\"Laur\u00e8ne FAYET MICQUIAUX\" \/>\n<meta name=\"twitter:card\" content=\"summary_large_image\" \/>\n<meta name=\"twitter:creator\" content=\"@SalonEuronaval\" \/>\n<meta name=\"twitter:site\" content=\"@SalonEuronaval\" \/>\n<meta name=\"twitter:label1\" content=\"\u00c9crit par\" \/>\n\t<meta name=\"twitter:data1\" content=\"Laur\u00e8ne FAYET MICQUIAUX\" \/>\n<script type=\"application\/ld+json\" class=\"yoast-schema-graph\">{\"@context\":\"https:\\\/\\\/schema.org\",\"@graph\":[{\"@type\":\"Article\",\"@id\":\"https:\\\/\\\/www.euronaval.com\\\/fr\\\/euronaval-2026-nouveau-commissaire-general\\\/#article\",\"isPartOf\":{\"@id\":\"https:\\\/\\\/www.euronaval.com\\\/fr\\\/euronaval-2026-nouveau-commissaire-general\\\/\"},\"author\":{\"name\":\"Laur\u00e8ne FAYET MICQUIAUX\",\"@id\":\"https:\\\/\\\/www.euronaval.com\\\/fr\\\/#\\\/schema\\\/person\\\/dbd4889412821fab5405f9250ee42061\"},\"headline\":\"EURONAVAL 2026: Nouveau Commissaire G\u00e9n\u00e9ral\",\"datePublished\":\"2025-11-05T11:11:36+00:00\",\"dateModified\":\"2025-11-05T11:17:21+00:00\",\"mainEntityOfPage\":{\"@id\":\"https:\\\/\\\/www.euronaval.com\\\/fr\\\/euronaval-2026-nouveau-commissaire-general\\\/\"},\"wordCount\":6,\"publisher\":{\"@id\":\"https:\\\/\\\/www.euronaval.com\\\/fr\\\/#organization\"},\"articleSection\":[\"Communiqu\u00e9 de presse\"],\"inLanguage\":\"fr-FR\"},{\"@type\":\"WebPage\",\"@id\":\"https:\\\/\\\/www.euronaval.com\\\/fr\\\/euronaval-2026-nouveau-commissaire-general\\\/\",\"url\":\"https:\\\/\\\/www.euronaval.com\\\/fr\\\/euronaval-2026-nouveau-commissaire-general\\\/\",\"name\":\"EURONAVAL 2026: Nouveau Commissaire G\u00e9n\u00e9ral - Euronaval\",\"isPartOf\":{\"@id\":\"https:\\\/\\\/www.euronaval.com\\\/fr\\\/#website\"},\"datePublished\":\"2025-11-05T11:11:36+00:00\",\"dateModified\":\"2025-11-05T11:17:21+00:00\",\"description\":\"La SOGENA annonce la nomination de Guillaume MERVEILLEUX DU VIGNAUX comme Commissaire G\u00e9n\u00e9ral d\u2019EURONAVAL \u00e0 compter du 1er novembre 2025. Paris, le 4 novembre - La SOGENA, soci\u00e9t\u00e9 organisatrice du salon EURONAVAL, r\u00e9f\u00e9rence mondiale du naval de d\u00e9fense et de la s\u00e9curit\u00e9 maritime, a le plaisir d\u2019annoncer la nomination de Guillaume MERVEILLEUX DU VIGNAUX au poste de Commissaire G\u00e9n\u00e9ral d\u2019EURONAVAL \u00e0 compter du 1er novembre 2025.\",\"breadcrumb\":{\"@id\":\"https:\\\/\\\/www.euronaval.com\\\/fr\\\/euronaval-2026-nouveau-commissaire-general\\\/#breadcrumb\"},\"inLanguage\":\"fr-FR\",\"potentialAction\":[{\"@type\":\"ReadAction\",\"target\":[\"https:\\\/\\\/www.euronaval.com\\\/fr\\\/euronaval-2026-nouveau-commissaire-general\\\/\"]}]},{\"@type\":\"BreadcrumbList\",\"@id\":\"https:\\\/\\\/www.euronaval.com\\\/fr\\\/euronaval-2026-nouveau-commissaire-general\\\/#breadcrumb\",\"itemListElement\":[{\"@type\":\"ListItem\",\"position\":1,\"name\":\"Accueil\",\"item\":\"https:\\\/\\\/www.euronaval.com\\\/fr\\\/\"},{\"@type\":\"ListItem\",\"position\":2,\"name\":\"EURONAVAL 2026: Nouveau Commissaire G\u00e9n\u00e9ral\"}]},{\"@type\":\"WebSite\",\"@id\":\"https:\\\/\\\/www.euronaval.com\\\/fr\\\/#website\",\"url\":\"https:\\\/\\\/www.euronaval.com\\\/fr\\\/\",\"name\":\"Euronaval\",\"description\":\"The World Naval Defense Exhibition\",\"publisher\":{\"@id\":\"https:\\\/\\\/www.euronaval.com\\\/fr\\\/#organization\"},\"potentialAction\":[{\"@type\":\"SearchAction\",\"target\":{\"@type\":\"EntryPoint\",\"urlTemplate\":\"https:\\\/\\\/www.euronaval.com\\\/fr\\\/?s={search_term_string}\"},\"query-input\":{\"@type\":\"PropertyValueSpecification\",\"valueRequired\":true,\"valueName\":\"search_term_string\"}}],\"inLanguage\":\"fr-FR\"},{\"@type\":\"Organization\",\"@id\":\"https:\\\/\\\/www.euronaval.com\\\/fr\\\/#organization\",\"name\":\"Euronaval\",\"url\":\"https:\\\/\\\/www.euronaval.com\\\/fr\\\/\",\"logo\":{\"@type\":\"ImageObject\",\"inLanguage\":\"fr-FR\",\"@id\":\"https:\\\/\\\/www.euronaval.com\\\/fr\\\/#\\\/schema\\\/logo\\\/image\\\/\",\"url\":\"https:\\\/\\\/www.euronaval.com\\\/wp-content\\\/uploads\\\/2023\\\/06\\\/cropped-logo-euronaval-1.png\",\"contentUrl\":\"https:\\\/\\\/www.euronaval.com\\\/wp-content\\\/uploads\\\/2023\\\/06\\\/cropped-logo-euronaval-1.png\",\"width\":307,\"height\":29,\"caption\":\"Euronaval\"},\"image\":{\"@id\":\"https:\\\/\\\/www.euronaval.com\\\/fr\\\/#\\\/schema\\\/logo\\\/image\\\/\"},\"sameAs\":[\"https:\\\/\\\/www.facebook.com\\\/people\\\/Euronaval\\\/100063477820109\\\/\",\"https:\\\/\\\/x.com\\\/SalonEuronaval\",\"https:\\\/\\\/www.linkedin.com\\\/company\\\/euronaval\\\/\",\"https:\\\/\\\/www.youtube.com\\\/@euronaval8981\"]},{\"@type\":\"Person\",\"@id\":\"https:\\\/\\\/www.euronaval.com\\\/fr\\\/#\\\/schema\\\/person\\\/dbd4889412821fab5405f9250ee42061\",\"name\":\"Laur\u00e8ne FAYET MICQUIAUX\",\"image\":{\"@type\":\"ImageObject\",\"inLanguage\":\"fr-FR\",\"@id\":\"https:\\\/\\\/secure.gravatar.com\\\/avatar\\\/25cda0ea79729ab0b257e3bf038f80eb1aab87c0dc5cbb328fe1048aa2a44f69?s=96&d=mm&r=g\",\"url\":\"https:\\\/\\\/secure.gravatar.com\\\/avatar\\\/25cda0ea79729ab0b257e3bf038f80eb1aab87c0dc5cbb328fe1048aa2a44f69?s=96&d=mm&r=g\",\"contentUrl\":\"https:\\\/\\\/secure.gravatar.com\\\/avatar\\\/25cda0ea79729ab0b257e3bf038f80eb1aab87c0dc5cbb328fe1048aa2a44f69?s=96&d=mm&r=g\",\"caption\":\"Laur\u00e8ne FAYET MICQUIAUX\"},\"url\":\"https:\\\/\\\/www.euronaval.com\\\/fr\\\/author\\\/lfayet\\\/\"}]}<\/script>\n<!-- \/ Yoast SEO plugin. -->","yoast_head_json":{"title":"EURONAVAL 2026: Nouveau Commissaire G\u00e9n\u00e9ral - Euronaval","description":"La SOGENA annonce la nomination de Guillaume MERVEILLEUX DU VIGNAUX comme Commissaire G\u00e9n\u00e9ral d\u2019EURONAVAL \u00e0 compter du 1er novembre 2025. Paris, le 4 novembre - La SOGENA, soci\u00e9t\u00e9 organisatrice du salon EURONAVAL, r\u00e9f\u00e9rence mondiale du naval de d\u00e9fense et de la s\u00e9curit\u00e9 maritime, a le plaisir d\u2019annoncer la nomination de Guillaume MERVEILLEUX DU VIGNAUX au poste de Commissaire G\u00e9n\u00e9ral d\u2019EURONAVAL \u00e0 compter du 1er novembre 2025.","robots":{"index":"index","follow":"follow","max-snippet":"max-snippet:-1","max-image-preview":"max-image-preview:large","max-video-preview":"max-video-preview:-1"},"canonical":"https:\/\/www.euronaval.com\/fr\/euronaval-2026-nouveau-commissaire-general\/","og_locale":"fr_FR","og_type":"article","og_title":"EURONAVAL 2026: Nouveau Commissaire G\u00e9n\u00e9ral - Euronaval","og_description":"La SOGENA annonce la nomination de Guillaume MERVEILLEUX DU VIGNAUX comme Commissaire G\u00e9n\u00e9ral d\u2019EURONAVAL \u00e0 compter du 1er novembre 2025. Paris, le 4 novembre - La SOGENA, soci\u00e9t\u00e9 organisatrice du salon EURONAVAL, r\u00e9f\u00e9rence mondiale du naval de d\u00e9fense et de la s\u00e9curit\u00e9 maritime, a le plaisir d\u2019annoncer la nomination de Guillaume MERVEILLEUX DU VIGNAUX au poste de Commissaire G\u00e9n\u00e9ral d\u2019EURONAVAL \u00e0 compter du 1er novembre 2025.","og_url":"https:\/\/www.euronaval.com\/fr\/euronaval-2026-nouveau-commissaire-general\/","og_site_name":"Euronaval","article_publisher":"https:\/\/www.facebook.com\/people\/Euronaval\/100063477820109\/","article_published_time":"2025-11-05T11:11:36+00:00","article_modified_time":"2025-11-05T11:17:21+00:00","author":"Laur\u00e8ne FAYET MICQUIAUX","twitter_card":"summary_large_image","twitter_creator":"@SalonEuronaval","twitter_site":"@SalonEuronaval","twitter_misc":{"\u00c9crit par":"Laur\u00e8ne FAYET MICQUIAUX"},"schema":{"@context":"https:\/\/schema.org","@graph":[{"@type":"Article","@id":"https:\/\/www.euronaval.com\/fr\/euronaval-2026-nouveau-commissaire-general\/#article","isPartOf":{"@id":"https:\/\/www.euronaval.com\/fr\/euronaval-2026-nouveau-commissaire-general\/"},"author":{"name":"Laur\u00e8ne FAYET MICQUIAUX","@id":"https:\/\/www.euronaval.com\/fr\/#\/schema\/person\/dbd4889412821fab5405f9250ee42061"},"headline":"EURONAVAL 2026: Nouveau Commissaire G\u00e9n\u00e9ral","datePublished":"2025-11-05T11:11:36+00:00","dateModified":"2025-11-05T11:17:21+00:00","mainEntityOfPage":{"@id":"https:\/\/www.euronaval.com\/fr\/euronaval-2026-nouveau-commissaire-general\/"},"wordCount":6,"publisher":{"@id":"https:\/\/www.euronaval.com\/fr\/#organization"},"articleSection":["Communiqu\u00e9 de presse"],"inLanguage":"fr-FR"},{"@type":"WebPage","@id":"https:\/\/www.euronaval.com\/fr\/euronaval-2026-nouveau-commissaire-general\/","url":"https:\/\/www.euronaval.com\/fr\/euronaval-2026-nouveau-commissaire-general\/","name":"EURONAVAL 2026: Nouveau Commissaire G\u00e9n\u00e9ral - Euronaval","isPartOf":{"@id":"https:\/\/www.euronaval.com\/fr\/#website"},"datePublished":"2025-11-05T11:11:36+00:00","dateModified":"2025-11-05T11:17:21+00:00","description":"La SOGENA annonce la nomination de Guillaume MERVEILLEUX DU VIGNAUX comme Commissaire G\u00e9n\u00e9ral d\u2019EURONAVAL \u00e0 compter du 1er novembre 2025. Paris, le 4 novembre - La SOGENA, soci\u00e9t\u00e9 organisatrice du salon EURONAVAL, r\u00e9f\u00e9rence mondiale du naval de d\u00e9fense et de la s\u00e9curit\u00e9 maritime, a le plaisir d\u2019annoncer la nomination de Guillaume MERVEILLEUX DU VIGNAUX au poste de Commissaire G\u00e9n\u00e9ral d\u2019EURONAVAL \u00e0 compter du 1er novembre 2025.","breadcrumb":{"@id":"https:\/\/www.euronaval.com\/fr\/euronaval-2026-nouveau-commissaire-general\/#breadcrumb"},"inLanguage":"fr-FR","potentialAction":[{"@type":"ReadAction","target":["https:\/\/www.euronaval.com\/fr\/euronaval-2026-nouveau-commissaire-general\/"]}]},{"@type":"BreadcrumbList","@id":"https:\/\/www.euronaval.com\/fr\/euronaval-2026-nouveau-commissaire-general\/#breadcrumb","itemListElement":[{"@type":"ListItem","position":1,"name":"Accueil","item":"https:\/\/www.euronaval.com\/fr\/"},{"@type":"ListItem","position":2,"name":"EURONAVAL 2026: Nouveau Commissaire G\u00e9n\u00e9ral"}]},{"@type":"WebSite","@id":"https:\/\/www.euronaval.com\/fr\/#website","url":"https:\/\/www.euronaval.com\/fr\/","name":"Euronaval","description":"The World Naval Defense Exhibition","publisher":{"@id":"https:\/\/www.euronaval.com\/fr\/#organization"},"potentialAction":[{"@type":"SearchAction","target":{"@type":"EntryPoint","urlTemplate":"https:\/\/www.euronaval.com\/fr\/?s={search_term_string}"},"query-input":{"@type":"PropertyValueSpecification","valueRequired":true,"valueName":"search_term_string"}}],"inLanguage":"fr-FR"},{"@type":"Organization","@id":"https:\/\/www.euronaval.com\/fr\/#organization","name":"Euronaval","url":"https:\/\/www.euronaval.com\/fr\/","logo":{"@type":"ImageObject","inLanguage":"fr-FR","@id":"https:\/\/www.euronaval.com\/fr\/#\/schema\/logo\/image\/","url":"https:\/\/www.euronaval.com\/wp-content\/uploads\/2023\/06\/cropped-logo-euronaval-1.png","contentUrl":"https:\/\/www.euronaval.com\/wp-content\/uploads\/2023\/06\/cropped-logo-euronaval-1.png","width":307,"height":29,"caption":"Euronaval"},"image":{"@id":"https:\/\/www.euronaval.com\/fr\/#\/schema\/logo\/image\/"},"sameAs":["https:\/\/www.facebook.com\/people\/Euronaval\/100063477820109\/","https:\/\/x.com\/SalonEuronaval","https:\/\/www.linkedin.com\/company\/euronaval\/","https:\/\/www.youtube.com\/@euronaval8981"]},{"@type":"Person","@id":"https:\/\/www.euronaval.com\/fr\/#\/schema\/person\/dbd4889412821fab5405f9250ee42061","name":"Laur\u00e8ne FAYET MICQUIAUX","image":{"@type":"ImageObject","inLanguage":"fr-FR","@id":"https:\/\/secure.gravatar.com\/avatar\/25cda0ea79729ab0b257e3bf038f80eb1aab87c0dc5cbb328fe1048aa2a44f69?s=96&d=mm&r=g","url":"https:\/\/secure.gravatar.com\/avatar\/25cda0ea79729ab0b257e3bf038f80eb1aab87c0dc5cbb328fe1048aa2a44f69?s=96&d=mm&r=g","contentUrl":"https:\/\/secure.gravatar.com\/avatar\/25cda0ea79729ab0b257e3bf038f80eb1aab87c0dc5cbb328fe1048aa2a44f69?s=96&d=mm&r=g","caption":"Laur\u00e8ne FAYET MICQUIAUX"},"url":"https:\/\/www.euronaval.com\/fr\/author\/lfayet\/"}]}},"_links":{"self":[{"href":"https:\/\/www.euronaval.com\/fr\/wp-json\/wp\/v2\/posts\/17165","targetHints":{"allow":["GET"]}}],"collection":[{"href":"https:\/\/www.euronaval.com\/fr\/wp-json\/wp\/v2\/posts"}],"about":[{"href":"https:\/\/www.euronaval.com\/fr\/wp-json\/wp\/v2\/types\/post"}],"author":[{"embeddable":true,"href":"https:\/\/www.euronaval.com\/fr\/wp-json\/wp\/v2\/users\/4"}],"replies":[{"embeddable":true,"href":"https:\/\/www.euronaval.com\/fr\/wp-json\/wp\/v2\/comments?post=17165"}],"version-history":[{"count":2,"href":"https:\/\/www.euronaval.com\/fr\/wp-json\/wp\/v2\/posts\/17165\/revisions"}],"predecessor-version":[{"id":17167,"href":"https:\/\/www.euronaval.com\/fr\/wp-json\/wp\/v2\/posts\/17165\/revisions\/17167"}],"wp:attachment":[{"href":"https:\/\/www.euronaval.com\/fr\/wp-json\/wp\/v2\/media?parent=17165"}],"wp:term":[{"taxonomy":"category","embeddable":true,"href":"https:\/\/www.euronaval.com\/fr\/wp-json\/wp\/v2\/categories?post=17165"},{"taxonomy":"post_tag","embeddable":true,"href":"https:\/\/www.euronaval.com\/fr\/wp-json\/wp\/v2\/tags?post=17165"}],"curies":[{"name":"wp","href":"https:\/\/api.w.org\/{rel}","templated":true}]}}