{"id":18849,"date":"2026-02-24T09:30:45","date_gmt":"2026-02-24T08:30:45","guid":{"rendered":"https:\/\/www.euronaval.com\/euronaval-2026-ou-le-rendez-vous-du-naval-de-defense-a-lere-du-rearmement\/"},"modified":"2026-04-28T18:47:18","modified_gmt":"2026-04-28T16:47:18","slug":"euronaval-2026-ou-le-rendez-vous-du-naval-de-defense-a-lere-du-rearmement","status":"publish","type":"post","link":"https:\/\/www.euronaval.com\/fr\/euronaval-2026-ou-le-rendez-vous-du-naval-de-defense-a-lere-du-rearmement\/","title":{"rendered":"EURONAVAL 2026, o\u00f9 le rendez-vous du naval de d\u00e9fense \u00e0 l&rsquo;\u00e8re du r\u00e9armement"},"content":{"rendered":"\t\t<div data-elementor-type=\"wp-post\" data-elementor-id=\"18849\" class=\"elementor elementor-18849 elementor-18688\" data-elementor-post-type=\"post\">\n\t\t\t\t\t\t<section class=\"elementor-section elementor-top-section elementor-element elementor-element-ebb5320 elementor-section-boxed elementor-section-height-default elementor-section-height-default\" data-id=\"ebb5320\" data-element_type=\"section\" data-e-type=\"section\">\n\t\t\t\t\t\t<div class=\"elementor-container elementor-column-gap-default\">\n\t\t\t\t\t<div class=\"elementor-column elementor-col-100 elementor-top-column elementor-element elementor-element-e33c55e\" data-id=\"e33c55e\" data-element_type=\"column\" data-e-type=\"column\">\n\t\t\t<div class=\"elementor-widget-wrap elementor-element-populated\">\n\t\t\t\t\t\t\t<\/div>\n\t\t<\/div>\n\t\t\t\t\t<\/div>\n\t\t<\/section>\n\t\t\t\t<\/div>\n\t\t","protected":false},"excerpt":{"rendered":"<p>Un basculement strat\u00e9gique du fait maritime porteur d\u2019opportunit\u00e9s industrielles<\/p>\n","protected":false},"author":4,"featured_media":18847,"comment_status":"closed","ping_status":"closed","sticky":false,"template":"","format":"standard","meta":{"_acf_changed":false,"footnotes":"","_links_to":"","_links_to_target":""},"categories":[22],"tags":[],"class_list":["post-18849","post","type-post","status-publish","format-standard","has-post-thumbnail","hentry","category-actualites"],"acf":[],"yoast_head":"<!-- This site is optimized with the Yoast SEO plugin v27.4 - https:\/\/yoast.com\/product\/yoast-seo-wordpress\/ -->\n<title>EURONAVAL 2026, o\u00f9 le rendez-vous du naval de d\u00e9fense \u00e0 l&#039;\u00e8re du r\u00e9armement - Euronaval<\/title>\n<meta name=\"description\" content=\"Un basculement strat\u00e9gique du fait maritime porteur d\u2019opportunit\u00e9s industrielles\" \/>\n<meta name=\"robots\" content=\"index, follow, max-snippet:-1, max-image-preview:large, max-video-preview:-1\" \/>\n<link rel=\"canonical\" href=\"https:\/\/www.euronaval.com\/fr\/euronaval-2026-ou-le-rendez-vous-du-naval-de-defense-a-lere-du-rearmement\/\" \/>\n<meta property=\"og:locale\" content=\"fr_FR\" \/>\n<meta property=\"og:type\" content=\"article\" \/>\n<meta property=\"og:title\" content=\"EURONAVAL 2026, o\u00f9 le rendez-vous du naval de d\u00e9fense \u00e0 l&#039;\u00e8re du r\u00e9armement - Euronaval\" \/>\n<meta property=\"og:description\" content=\"Un basculement strat\u00e9gique du fait maritime porteur d\u2019opportunit\u00e9s industrielles\" \/>\n<meta property=\"og:url\" content=\"https:\/\/www.euronaval.com\/fr\/euronaval-2026-ou-le-rendez-vous-du-naval-de-defense-a-lere-du-rearmement\/\" \/>\n<meta property=\"og:site_name\" content=\"Euronaval\" \/>\n<meta property=\"article:publisher\" content=\"https:\/\/www.facebook.com\/people\/Euronaval\/100063477820109\/\" \/>\n<meta property=\"article:published_time\" content=\"2026-02-24T08:30:45+00:00\" \/>\n<meta property=\"article:modified_time\" content=\"2026-04-28T16:47:18+00:00\" \/>\n<meta property=\"og:image\" content=\"https:\/\/www.euronaval.com\/wp-content\/uploads\/2026\/04\/Design-sans-titre-9.png\" \/>\n\t<meta property=\"og:image:width\" content=\"750\" \/>\n\t<meta property=\"og:image:height\" content=\"239\" \/>\n\t<meta property=\"og:image:type\" content=\"image\/png\" \/>\n<meta name=\"author\" content=\"Laur\u00e8ne FAYET MICQUIAUX\" \/>\n<meta name=\"twitter:card\" content=\"summary_large_image\" \/>\n<meta name=\"twitter:creator\" content=\"@SalonEuronaval\" \/>\n<meta name=\"twitter:site\" content=\"@SalonEuronaval\" \/>\n<meta name=\"twitter:label1\" content=\"\u00c9crit par\" \/>\n\t<meta name=\"twitter:data1\" content=\"Laur\u00e8ne FAYET MICQUIAUX\" \/>\n<script type=\"application\/ld+json\" class=\"yoast-schema-graph\">{\"@context\":\"https:\\\/\\\/schema.org\",\"@graph\":[{\"@type\":\"Article\",\"@id\":\"https:\\\/\\\/www.euronaval.com\\\/fr\\\/euronaval-2026-ou-le-rendez-vous-du-naval-de-defense-a-lere-du-rearmement\\\/#article\",\"isPartOf\":{\"@id\":\"https:\\\/\\\/www.euronaval.com\\\/fr\\\/euronaval-2026-ou-le-rendez-vous-du-naval-de-defense-a-lere-du-rearmement\\\/\"},\"author\":{\"name\":\"Laur\u00e8ne FAYET MICQUIAUX\",\"@id\":\"https:\\\/\\\/www.euronaval.com\\\/fr\\\/#\\\/schema\\\/person\\\/dbd4889412821fab5405f9250ee42061\"},\"headline\":\"EURONAVAL 2026, o\u00f9 le rendez-vous du naval de d\u00e9fense \u00e0 l&rsquo;\u00e8re du r\u00e9armement\",\"datePublished\":\"2026-02-24T08:30:45+00:00\",\"dateModified\":\"2026-04-28T16:47:18+00:00\",\"mainEntityOfPage\":{\"@id\":\"https:\\\/\\\/www.euronaval.com\\\/fr\\\/euronaval-2026-ou-le-rendez-vous-du-naval-de-defense-a-lere-du-rearmement\\\/\"},\"wordCount\":14,\"publisher\":{\"@id\":\"https:\\\/\\\/www.euronaval.com\\\/fr\\\/#organization\"},\"image\":{\"@id\":\"https:\\\/\\\/www.euronaval.com\\\/fr\\\/euronaval-2026-ou-le-rendez-vous-du-naval-de-defense-a-lere-du-rearmement\\\/#primaryimage\"},\"thumbnailUrl\":\"https:\\\/\\\/www.euronaval.com\\\/wp-content\\\/uploads\\\/2026\\\/04\\\/Design-sans-titre-9.png\",\"articleSection\":[\"actualit\u00e9s\"],\"inLanguage\":\"fr-FR\"},{\"@type\":\"WebPage\",\"@id\":\"https:\\\/\\\/www.euronaval.com\\\/fr\\\/euronaval-2026-ou-le-rendez-vous-du-naval-de-defense-a-lere-du-rearmement\\\/\",\"url\":\"https:\\\/\\\/www.euronaval.com\\\/fr\\\/euronaval-2026-ou-le-rendez-vous-du-naval-de-defense-a-lere-du-rearmement\\\/\",\"name\":\"EURONAVAL 2026, o\u00f9 le rendez-vous du naval de d\u00e9fense \u00e0 l'\u00e8re du r\u00e9armement - Euronaval\",\"isPartOf\":{\"@id\":\"https:\\\/\\\/www.euronaval.com\\\/fr\\\/#website\"},\"primaryImageOfPage\":{\"@id\":\"https:\\\/\\\/www.euronaval.com\\\/fr\\\/euronaval-2026-ou-le-rendez-vous-du-naval-de-defense-a-lere-du-rearmement\\\/#primaryimage\"},\"image\":{\"@id\":\"https:\\\/\\\/www.euronaval.com\\\/fr\\\/euronaval-2026-ou-le-rendez-vous-du-naval-de-defense-a-lere-du-rearmement\\\/#primaryimage\"},\"thumbnailUrl\":\"https:\\\/\\\/www.euronaval.com\\\/wp-content\\\/uploads\\\/2026\\\/04\\\/Design-sans-titre-9.png\",\"datePublished\":\"2026-02-24T08:30:45+00:00\",\"dateModified\":\"2026-04-28T16:47:18+00:00\",\"description\":\"Un basculement strat\u00e9gique du fait maritime porteur d\u2019opportunit\u00e9s industrielles\",\"breadcrumb\":{\"@id\":\"https:\\\/\\\/www.euronaval.com\\\/fr\\\/euronaval-2026-ou-le-rendez-vous-du-naval-de-defense-a-lere-du-rearmement\\\/#breadcrumb\"},\"inLanguage\":\"fr-FR\",\"potentialAction\":[{\"@type\":\"ReadAction\",\"target\":[\"https:\\\/\\\/www.euronaval.com\\\/fr\\\/euronaval-2026-ou-le-rendez-vous-du-naval-de-defense-a-lere-du-rearmement\\\/\"]}]},{\"@type\":\"ImageObject\",\"inLanguage\":\"fr-FR\",\"@id\":\"https:\\\/\\\/www.euronaval.com\\\/fr\\\/euronaval-2026-ou-le-rendez-vous-du-naval-de-defense-a-lere-du-rearmement\\\/#primaryimage\",\"url\":\"https:\\\/\\\/www.euronaval.com\\\/wp-content\\\/uploads\\\/2026\\\/04\\\/Design-sans-titre-9.png\",\"contentUrl\":\"https:\\\/\\\/www.euronaval.com\\\/wp-content\\\/uploads\\\/2026\\\/04\\\/Design-sans-titre-9.png\",\"width\":750,\"height\":239},{\"@type\":\"BreadcrumbList\",\"@id\":\"https:\\\/\\\/www.euronaval.com\\\/fr\\\/euronaval-2026-ou-le-rendez-vous-du-naval-de-defense-a-lere-du-rearmement\\\/#breadcrumb\",\"itemListElement\":[{\"@type\":\"ListItem\",\"position\":1,\"name\":\"Accueil\",\"item\":\"https:\\\/\\\/www.euronaval.com\\\/fr\\\/accueil\\\/\"},{\"@type\":\"ListItem\",\"position\":2,\"name\":\"EURONAVAL 2026, o\u00f9 le rendez-vous du naval de d\u00e9fense \u00e0 l&rsquo;\u00e8re du r\u00e9armement\"}]},{\"@type\":\"WebSite\",\"@id\":\"https:\\\/\\\/www.euronaval.com\\\/fr\\\/#website\",\"url\":\"https:\\\/\\\/www.euronaval.com\\\/fr\\\/\",\"name\":\"Euronaval\",\"description\":\"The World Naval Defense Exhibition\",\"publisher\":{\"@id\":\"https:\\\/\\\/www.euronaval.com\\\/fr\\\/#organization\"},\"potentialAction\":[{\"@type\":\"SearchAction\",\"target\":{\"@type\":\"EntryPoint\",\"urlTemplate\":\"https:\\\/\\\/www.euronaval.com\\\/fr\\\/?s={search_term_string}\"},\"query-input\":{\"@type\":\"PropertyValueSpecification\",\"valueRequired\":true,\"valueName\":\"search_term_string\"}}],\"inLanguage\":\"fr-FR\"},{\"@type\":\"Organization\",\"@id\":\"https:\\\/\\\/www.euronaval.com\\\/fr\\\/#organization\",\"name\":\"Euronaval\",\"url\":\"https:\\\/\\\/www.euronaval.com\\\/fr\\\/\",\"logo\":{\"@type\":\"ImageObject\",\"inLanguage\":\"fr-FR\",\"@id\":\"https:\\\/\\\/www.euronaval.com\\\/fr\\\/#\\\/schema\\\/logo\\\/image\\\/\",\"url\":\"https:\\\/\\\/www.euronaval.com\\\/wp-content\\\/uploads\\\/2023\\\/06\\\/cropped-logo-euronaval-1.png\",\"contentUrl\":\"https:\\\/\\\/www.euronaval.com\\\/wp-content\\\/uploads\\\/2023\\\/06\\\/cropped-logo-euronaval-1.png\",\"width\":307,\"height\":29,\"caption\":\"Euronaval\"},\"image\":{\"@id\":\"https:\\\/\\\/www.euronaval.com\\\/fr\\\/#\\\/schema\\\/logo\\\/image\\\/\"},\"sameAs\":[\"https:\\\/\\\/www.facebook.com\\\/people\\\/Euronaval\\\/100063477820109\\\/\",\"https:\\\/\\\/x.com\\\/SalonEuronaval\",\"https:\\\/\\\/www.linkedin.com\\\/company\\\/euronaval\\\/\",\"https:\\\/\\\/www.youtube.com\\\/@euronaval8981\"]},{\"@type\":\"Person\",\"@id\":\"https:\\\/\\\/www.euronaval.com\\\/fr\\\/#\\\/schema\\\/person\\\/dbd4889412821fab5405f9250ee42061\",\"name\":\"Laur\u00e8ne FAYET MICQUIAUX\",\"image\":{\"@type\":\"ImageObject\",\"inLanguage\":\"fr-FR\",\"@id\":\"https:\\\/\\\/secure.gravatar.com\\\/avatar\\\/25cda0ea79729ab0b257e3bf038f80eb1aab87c0dc5cbb328fe1048aa2a44f69?s=96&d=mm&r=g\",\"url\":\"https:\\\/\\\/secure.gravatar.com\\\/avatar\\\/25cda0ea79729ab0b257e3bf038f80eb1aab87c0dc5cbb328fe1048aa2a44f69?s=96&d=mm&r=g\",\"contentUrl\":\"https:\\\/\\\/secure.gravatar.com\\\/avatar\\\/25cda0ea79729ab0b257e3bf038f80eb1aab87c0dc5cbb328fe1048aa2a44f69?s=96&d=mm&r=g\",\"caption\":\"Laur\u00e8ne FAYET MICQUIAUX\"},\"url\":\"https:\\\/\\\/www.euronaval.com\\\/fr\\\/author\\\/lfayet\\\/\"}]}<\/script>\n<!-- \/ Yoast SEO plugin. -->","yoast_head_json":{"title":"EURONAVAL 2026, o\u00f9 le rendez-vous du naval de d\u00e9fense \u00e0 l'\u00e8re du r\u00e9armement - Euronaval","description":"Un basculement strat\u00e9gique du fait maritime porteur d\u2019opportunit\u00e9s industrielles","robots":{"index":"index","follow":"follow","max-snippet":"max-snippet:-1","max-image-preview":"max-image-preview:large","max-video-preview":"max-video-preview:-1"},"canonical":"https:\/\/www.euronaval.com\/fr\/euronaval-2026-ou-le-rendez-vous-du-naval-de-defense-a-lere-du-rearmement\/","og_locale":"fr_FR","og_type":"article","og_title":"EURONAVAL 2026, o\u00f9 le rendez-vous du naval de d\u00e9fense \u00e0 l'\u00e8re du r\u00e9armement - Euronaval","og_description":"Un basculement strat\u00e9gique du fait maritime porteur d\u2019opportunit\u00e9s industrielles","og_url":"https:\/\/www.euronaval.com\/fr\/euronaval-2026-ou-le-rendez-vous-du-naval-de-defense-a-lere-du-rearmement\/","og_site_name":"Euronaval","article_publisher":"https:\/\/www.facebook.com\/people\/Euronaval\/100063477820109\/","article_published_time":"2026-02-24T08:30:45+00:00","article_modified_time":"2026-04-28T16:47:18+00:00","og_image":[{"width":750,"height":239,"url":"https:\/\/www.euronaval.com\/wp-content\/uploads\/2026\/04\/Design-sans-titre-9.png","type":"image\/png"}],"author":"Laur\u00e8ne FAYET MICQUIAUX","twitter_card":"summary_large_image","twitter_creator":"@SalonEuronaval","twitter_site":"@SalonEuronaval","twitter_misc":{"\u00c9crit par":"Laur\u00e8ne FAYET MICQUIAUX"},"schema":{"@context":"https:\/\/schema.org","@graph":[{"@type":"Article","@id":"https:\/\/www.euronaval.com\/fr\/euronaval-2026-ou-le-rendez-vous-du-naval-de-defense-a-lere-du-rearmement\/#article","isPartOf":{"@id":"https:\/\/www.euronaval.com\/fr\/euronaval-2026-ou-le-rendez-vous-du-naval-de-defense-a-lere-du-rearmement\/"},"author":{"name":"Laur\u00e8ne FAYET MICQUIAUX","@id":"https:\/\/www.euronaval.com\/fr\/#\/schema\/person\/dbd4889412821fab5405f9250ee42061"},"headline":"EURONAVAL 2026, o\u00f9 le rendez-vous du naval de d\u00e9fense \u00e0 l&rsquo;\u00e8re du r\u00e9armement","datePublished":"2026-02-24T08:30:45+00:00","dateModified":"2026-04-28T16:47:18+00:00","mainEntityOfPage":{"@id":"https:\/\/www.euronaval.com\/fr\/euronaval-2026-ou-le-rendez-vous-du-naval-de-defense-a-lere-du-rearmement\/"},"wordCount":14,"publisher":{"@id":"https:\/\/www.euronaval.com\/fr\/#organization"},"image":{"@id":"https:\/\/www.euronaval.com\/fr\/euronaval-2026-ou-le-rendez-vous-du-naval-de-defense-a-lere-du-rearmement\/#primaryimage"},"thumbnailUrl":"https:\/\/www.euronaval.com\/wp-content\/uploads\/2026\/04\/Design-sans-titre-9.png","articleSection":["actualit\u00e9s"],"inLanguage":"fr-FR"},{"@type":"WebPage","@id":"https:\/\/www.euronaval.com\/fr\/euronaval-2026-ou-le-rendez-vous-du-naval-de-defense-a-lere-du-rearmement\/","url":"https:\/\/www.euronaval.com\/fr\/euronaval-2026-ou-le-rendez-vous-du-naval-de-defense-a-lere-du-rearmement\/","name":"EURONAVAL 2026, o\u00f9 le rendez-vous du naval de d\u00e9fense \u00e0 l'\u00e8re du r\u00e9armement - Euronaval","isPartOf":{"@id":"https:\/\/www.euronaval.com\/fr\/#website"},"primaryImageOfPage":{"@id":"https:\/\/www.euronaval.com\/fr\/euronaval-2026-ou-le-rendez-vous-du-naval-de-defense-a-lere-du-rearmement\/#primaryimage"},"image":{"@id":"https:\/\/www.euronaval.com\/fr\/euronaval-2026-ou-le-rendez-vous-du-naval-de-defense-a-lere-du-rearmement\/#primaryimage"},"thumbnailUrl":"https:\/\/www.euronaval.com\/wp-content\/uploads\/2026\/04\/Design-sans-titre-9.png","datePublished":"2026-02-24T08:30:45+00:00","dateModified":"2026-04-28T16:47:18+00:00","description":"Un basculement strat\u00e9gique du fait maritime porteur d\u2019opportunit\u00e9s industrielles","breadcrumb":{"@id":"https:\/\/www.euronaval.com\/fr\/euronaval-2026-ou-le-rendez-vous-du-naval-de-defense-a-lere-du-rearmement\/#breadcrumb"},"inLanguage":"fr-FR","potentialAction":[{"@type":"ReadAction","target":["https:\/\/www.euronaval.com\/fr\/euronaval-2026-ou-le-rendez-vous-du-naval-de-defense-a-lere-du-rearmement\/"]}]},{"@type":"ImageObject","inLanguage":"fr-FR","@id":"https:\/\/www.euronaval.com\/fr\/euronaval-2026-ou-le-rendez-vous-du-naval-de-defense-a-lere-du-rearmement\/#primaryimage","url":"https:\/\/www.euronaval.com\/wp-content\/uploads\/2026\/04\/Design-sans-titre-9.png","contentUrl":"https:\/\/www.euronaval.com\/wp-content\/uploads\/2026\/04\/Design-sans-titre-9.png","width":750,"height":239},{"@type":"BreadcrumbList","@id":"https:\/\/www.euronaval.com\/fr\/euronaval-2026-ou-le-rendez-vous-du-naval-de-defense-a-lere-du-rearmement\/#breadcrumb","itemListElement":[{"@type":"ListItem","position":1,"name":"Accueil","item":"https:\/\/www.euronaval.com\/fr\/accueil\/"},{"@type":"ListItem","position":2,"name":"EURONAVAL 2026, o\u00f9 le rendez-vous du naval de d\u00e9fense \u00e0 l&rsquo;\u00e8re du r\u00e9armement"}]},{"@type":"WebSite","@id":"https:\/\/www.euronaval.com\/fr\/#website","url":"https:\/\/www.euronaval.com\/fr\/","name":"Euronaval","description":"The World Naval Defense Exhibition","publisher":{"@id":"https:\/\/www.euronaval.com\/fr\/#organization"},"potentialAction":[{"@type":"SearchAction","target":{"@type":"EntryPoint","urlTemplate":"https:\/\/www.euronaval.com\/fr\/?s={search_term_string}"},"query-input":{"@type":"PropertyValueSpecification","valueRequired":true,"valueName":"search_term_string"}}],"inLanguage":"fr-FR"},{"@type":"Organization","@id":"https:\/\/www.euronaval.com\/fr\/#organization","name":"Euronaval","url":"https:\/\/www.euronaval.com\/fr\/","logo":{"@type":"ImageObject","inLanguage":"fr-FR","@id":"https:\/\/www.euronaval.com\/fr\/#\/schema\/logo\/image\/","url":"https:\/\/www.euronaval.com\/wp-content\/uploads\/2023\/06\/cropped-logo-euronaval-1.png","contentUrl":"https:\/\/www.euronaval.com\/wp-content\/uploads\/2023\/06\/cropped-logo-euronaval-1.png","width":307,"height":29,"caption":"Euronaval"},"image":{"@id":"https:\/\/www.euronaval.com\/fr\/#\/schema\/logo\/image\/"},"sameAs":["https:\/\/www.facebook.com\/people\/Euronaval\/100063477820109\/","https:\/\/x.com\/SalonEuronaval","https:\/\/www.linkedin.com\/company\/euronaval\/","https:\/\/www.youtube.com\/@euronaval8981"]},{"@type":"Person","@id":"https:\/\/www.euronaval.com\/fr\/#\/schema\/person\/dbd4889412821fab5405f9250ee42061","name":"Laur\u00e8ne FAYET MICQUIAUX","image":{"@type":"ImageObject","inLanguage":"fr-FR","@id":"https:\/\/secure.gravatar.com\/avatar\/25cda0ea79729ab0b257e3bf038f80eb1aab87c0dc5cbb328fe1048aa2a44f69?s=96&d=mm&r=g","url":"https:\/\/secure.gravatar.com\/avatar\/25cda0ea79729ab0b257e3bf038f80eb1aab87c0dc5cbb328fe1048aa2a44f69?s=96&d=mm&r=g","contentUrl":"https:\/\/secure.gravatar.com\/avatar\/25cda0ea79729ab0b257e3bf038f80eb1aab87c0dc5cbb328fe1048aa2a44f69?s=96&d=mm&r=g","caption":"Laur\u00e8ne FAYET MICQUIAUX"},"url":"https:\/\/www.euronaval.com\/fr\/author\/lfayet\/"}]}},"_links":{"self":[{"href":"https:\/\/www.euronaval.com\/fr\/wp-json\/wp\/v2\/posts\/18849","targetHints":{"allow":["GET"]}}],"collection":[{"href":"https:\/\/www.euronaval.com\/fr\/wp-json\/wp\/v2\/posts"}],"about":[{"href":"https:\/\/www.euronaval.com\/fr\/wp-json\/wp\/v2\/types\/post"}],"author":[{"embeddable":true,"href":"https:\/\/www.euronaval.com\/fr\/wp-json\/wp\/v2\/users\/4"}],"replies":[{"embeddable":true,"href":"https:\/\/www.euronaval.com\/fr\/wp-json\/wp\/v2\/comments?post=18849"}],"version-history":[{"count":10,"href":"https:\/\/www.euronaval.com\/fr\/wp-json\/wp\/v2\/posts\/18849\/revisions"}],"predecessor-version":[{"id":18867,"href":"https:\/\/www.euronaval.com\/fr\/wp-json\/wp\/v2\/posts\/18849\/revisions\/18867"}],"wp:featuredmedia":[{"embeddable":true,"href":"https:\/\/www.euronaval.com\/fr\/wp-json\/wp\/v2\/media\/18847"}],"wp:attachment":[{"href":"https:\/\/www.euronaval.com\/fr\/wp-json\/wp\/v2\/media?parent=18849"}],"wp:term":[{"taxonomy":"category","embeddable":true,"href":"https:\/\/www.euronaval.com\/fr\/wp-json\/wp\/v2\/categories?post=18849"},{"taxonomy":"post_tag","embeddable":true,"href":"https:\/\/www.euronaval.com\/fr\/wp-json\/wp\/v2\/tags?post=18849"}],"curies":[{"name":"wp","href":"https:\/\/api.w.org\/{rel}","templated":true}]}}